{"id":100,"date":"2023-03-26T17:50:38","date_gmt":"2023-03-26T17:50:38","guid":{"rendered":"https:\/\/nalu.in\/almanaque\/?p=100"},"modified":"2023-03-26T17:58:59","modified_gmt":"2023-03-26T17:58:59","slug":"meu-amor-e-ouro-no-cascalho","status":"publish","type":"post","link":"https:\/\/nalu.in\/almanaque\/meu-amor-e-ouro-no-cascalho\/","title":{"rendered":""},"content":{"rendered":"<p style=\"text-align: center;\"><span style=\"font-size: 8pt;\">meu amor \u00e9 ouro no cascalho<\/span><\/p>\n<p><img loading=\"lazy\" decoding=\"async\" class=\"size-full wp-image-157 aligncenter\" src=\"https:\/\/nalua.in\/notas\/wp-content\/uploads\/2023\/02\/almanaque.jpg\" alt=\"\" width=\"1200\" height=\"300\" \/><\/p>\n<p style=\"text-align: center;\"><strong>Belo Horizonte, 26 de mar\u00e7o de 2023 <\/strong><\/p>\n<p style=\"text-align: center;\"><strong>\u263c 32\u00b0 \u2013 19\u00b0<\/strong><\/p>\n<hr \/>\n<p style=\"text-align: justify;\">Dia do Mercosul, dia do Livro em Portugal. Anivers\u00e1rio de Porto Alegre. Neste dia, em <strong>1871<\/strong> a Comuna de Paris \u00e9 estabelecida formalmente. Em <strong>1956 <\/strong>Jonas Salk anuncia sua vacina contra a poliomielite. Em <strong>1997<\/strong>, 39 corpos s\u00e3o encontrados no suic\u00eddio coletivo da seita Heaven&#8217;s Gate. Em <strong>1904<\/strong> nascia Joseph Campbell, mitologista e meu escritor do cora\u00e7\u00e3o. Em <strong>1905<\/strong> nascia Viktor Frankl. Em um 26 de mar\u00e7o de <strong>1976<\/strong> morria Lin Yutang, e em <strong>1980<\/strong> perdemos Roland Barthes.<\/p>\n<hr \/>\n<p style=\"text-align: center;\"><em>N\u00e3o sou matrona, m\u00e3e dos Gracos, Corn\u00e9lia,<\/em><br \/>\n<em>sou \u00e9 mulher do povo, m\u00e3e de filhos, Ad\u00e9lia.<\/em><br \/>\n<em>Fa\u00e7o comida e como.<\/em><br \/>\n<em>Aos domingos bato o osso no prato pra chamar o cachorro<\/em><br \/>\n<em>e atiro os restos.<\/em><br \/>\n<em>Quando d\u00f3i, grito ai,<\/em><br \/>\n<em>quando \u00e9 bom, fico bruta,<\/em><br \/>\n<em>as sensibilidades sem governo.<\/em><br \/>\n<em>Mas tenho meus prantos,<\/em><br \/>\n<em>claridades atr\u00e1s do meu est\u00f4mago humilde<\/em><br \/>\n<em>e fort\u00edssima voz pra c\u00e2nticos de festa.<\/em><br \/>\n<em>Quando escrever o livro com o meu nome<\/em><br \/>\n<em>e o nome que eu vou p\u00f4r nele, vou com ele a uma igreja,<\/em><br \/>\n<em>a uma l\u00e1pide, a um descampado,<\/em><br \/>\n<em>para chorar, chorar e chorar,<\/em><br \/>\n<em>requintada e esquisita como uma dama.<\/em><br \/>\n\u2665<br \/>\n<strong>Ad\u00e9lia Prado &#8211; Bagagem<\/strong><\/p>\n<hr \/>\n<p style=\"text-align: center;\"><strong>Em 1535, num dia que bem poderia ser 26 de mar\u00e7o, escreveu Catarina de Arag\u00e3o a \u00faltima carta para seu marido, o Rei Henrique VII:<\/strong><\/p>\n<p style=\"text-align: center;\"><em><strong>Meu Senhor e Amado Marido,<\/strong><\/em><\/p>\n<p style=\"text-align: justify;\"><em>Entrego-me a v\u00f3s. A hora de minha morte se aproxima c\u00e9lere, e sendo essa minha situa\u00e7\u00e3o, o terno amor que vos dedico me obriga a, em poucas palavras, lembrar-vos da sa\u00fade e salvaguarda de vossa alma, que deveis colocar acima de todas as quest\u00f5es terrenas e antes do cuidado e gratifica\u00e7\u00e3o de vosso pr\u00f3prio corpo, pelo bem da qual causastes a mim muitas dores e a v\u00f3s pr\u00f3prio muitas preocupa\u00e7\u00f5es.<\/em><br \/>\n<em>De minha parte, sim, perdoo-vos por tudo e pe\u00e7o devotadamente a Deus que Ele tamb\u00e9m vos perdoe.\u00a0<\/em><br \/>\n<em>No mais, entrego a vossos cuidados vossa filha Mary, suplicando que sejais para ela um bom pai, como sempre desejei. Pe\u00e7o tamb\u00e9m, em benef\u00edcio de minhas servidoras, que concedeis a elas dotes matrimoniais, o que n\u00e3o \u00e9 muito, pois s\u00e3o apenas tr\u00eas. Para todos os meus outros servos, solicito um ano de pagamento al\u00e9m do que lhes \u00e9 devido, para que n\u00e3o fiquem sem recursos.<\/em><br \/>\n<em>Por fim, juro que meus olhos vos desejam acima de todas as coisas.<\/em><\/p>\n<hr \/>\n<h2 style=\"text-align: center;\"><strong>Or\u00e1culos da Semana<\/strong><\/h2>\n<p><img loading=\"lazy\" decoding=\"async\" class=\"size-full wp-image-317 aligncenter\" src=\"https:\/\/nalua.in\/notas\/wp-content\/uploads\/2023\/03\/rainhacomecop.jpg\" alt=\"\" width=\"300\" height=\"606\" \/><\/p>\n<p>Esta semana nos encontraremos com a <strong>Rainha de Ouros<\/strong> no Tar\u00f4 e com a carta 36 do Or\u00e1culo da alma, que \u00e9 a carta \u201c<strong>Tenha f\u00e9<\/strong>\u201d.<\/p>\n<p style=\"text-align: justify;\">Estas duas inst\u00e2ncias do destino pedem que estejamos atentos \u00e0 jardinagem. Sim, cuidarmos do jardim pessoal, cuidarmos do que \u00e9 abundante em n\u00f3s e em nossa vida. E cuidarmos do que ainda precisa crescer. Existe uma ideia que talvez n\u00e3o esteja muito na moda que \u00e9 a do auto aperfei\u00e7oamento. Auto aperfei\u00e7oamento real, n\u00e3o somente auto elogios e auto complac\u00eancias. Uma no\u00e7\u00e3o mais antiga, talvez desatualizada, de que precisamos e podemos nos cultivar tamb\u00e9m, nos auto aperfei\u00e7oar, <strong>melhorar<\/strong>. Mas esse esfor\u00e7o pressup\u00f5e que n\u00e3o somos perfeitos e que, mais uma vez, podemos e precisamos <strong>melhorar<\/strong>. Sim, <strong>melhorar<\/strong>, <strong>sermos melhores do que somos agora<\/strong>! N\u00e3o estamos acabados, n\u00e3o somos as <em>personas<\/em> bem acabadas e sem falhas que mostramos no Instagram. Somos ruins e falhos, mas o caminho est\u00e1 a\u00ed, sigamos. A viagem de auto aperfei\u00e7oamento \u00e9 uma del\u00edcia, \u00e9 isso que as duas cartas juntas ensinam.<\/p>\n<p style=\"text-align: justify;\">A carta da f\u00e9 pede para abandonarmos todo vitimismo, todo sentimento de que o mundo nos deve algo.<\/p>\n<p style=\"text-align: justify;\">\u00c9 preciso ter aten\u00e7\u00e3o com as pessoas que est\u00e3o mais pr\u00f3ximas e perceber: qual delas \u00e9 a rainha de ouro que chega essa semana? Essa combina\u00e7\u00e3o tamb\u00e9m pede uma cren\u00e7a inabal\u00e1vel, o jardim est\u00e1 florescendo, ficando vi\u00e7oso e em breve ser\u00e1 o momento da colheita, se n\u00e3o formos miser\u00e1veis, ego\u00edstas ou sovinas. Se formos <strong>melhores<\/strong>.<\/p>\n<p style=\"text-align: justify;\"><em>Olhe bem pra dentro de si, de qual mesquinharia voc\u00ea precisa se livrar agora?<\/em><\/p>\n<p style=\"text-align: justify;\">\u00c9 hora de continuar plantando, e principalmente \u00e9 hora de n\u00e3o ser mofino. Vamos praticar a generosidade, a abund\u00e2ncia e o trabalho paciente do plantio, da poda e da rega. Sem pequenez, por favor. <strong>Melhoremos<\/strong>. S\u00f3 assim teremos algum futuro.<\/p>\n<p style=\"text-align: center;\"><em>Boa semana<\/em><\/p>\n<hr \/>\n<table style=\"width: 100%; border-collapse: collapse; background-color: #db9b98;\">\n<tbody>\n<tr>\n<td style=\"width: 100%;\">\n<h3 style=\"text-align: center;\"><span style=\"color: #ffffff;\">Rainha de Ouros<\/span><\/h3>\n<h3><img loading=\"lazy\" decoding=\"async\" class=\"size-full wp-image-318 aligncenter\" src=\"https:\/\/nalua.in\/notas\/wp-content\/uploads\/2023\/03\/rainhademoedasiaeup.jpg\" alt=\"\" width=\"350\" height=\"615\" \/><\/h3>\n<\/td>\n<\/tr>\n<\/tbody>\n<\/table>\n<p style=\"text-align: justify;\">A rainha de ouro representa estabilidade e seguran\u00e7a financeira. Ela \u00e9 uma protetora daqueles que trabalham duro e alcan\u00e7am o sucesso material, mas tamb\u00e9m \u00e9 uma conselheira s\u00e1bia que ensina que o dinheiro n\u00e3o pode comprar a felicidade.\u00a0Ela \u00e9 uma l\u00edder justa, que valoriza a honestidade e a integridade. Ela n\u00e3o tolera a gan\u00e2ncia ou a explora\u00e7\u00e3o, e sempre procura maneiras de apoiar aqueles que trabalham com \u00e9tica e respeito.<\/p>\n<p style=\"text-align: justify;\">A rainha de ouro \u00e9 uma figura que encoraja o <strong>autodom\u00ednio e a disciplina,<\/strong> ensinando que colher qualquer fruto exige esfor\u00e7o e paci\u00eancia. Ela \u00e9 a mentora que inspira os que buscam prosperidade a persistir em seus esfor\u00e7os, mesmo em momentos dif\u00edceis. Mas tamb\u00e9m \u00e9 uma figura que exige que sejam feitas escolhas sensatas. Ela ensina que a riqueza deve ser usada com sabedoria e responsabilidade, para o bem maior da comunidade.<\/p>\n<p style=\"text-align: justify;\">Sendo multifacetada, ela representa tanto a prosperidade material quanto a prosperidade interior. Uma rainha de ouros sabe ser uma l\u00edder s\u00e1bia e justa, que inspira outros a alcan\u00e7ar a estabilidade financeira, mas tamb\u00e9m ensina que a verdadeira riqueza vem do interior. A Rainha de ouros \u00e9 m\u00e3e generosa e cuidadora. \u00c9 figura poderosa e influente, mas \u00e9 gentil e compassiva. Entende que a riqueza pode ser b\u00ean\u00e7\u00e3o ou maldi\u00e7\u00e3o, dependendo de como \u00e9 usada, e est\u00e1 comprometida em usar sua riqueza para o bem maior.<\/p>\n<p style=\"text-align: justify;\">Essa carta \u00e9 um s\u00edmbolo de <strong>estabilidade e seguran\u00e7a financeira<\/strong>, e muitas vezes <strong>aparece quando estamos enfrentando decis\u00f5es importantes relacionadas ao dinheiro e \u00e0s finan\u00e7as<\/strong>. Ela nos lembra que precisamos ser cuidadosos e prudentes ao tomar decis\u00f5es financeiras, mas tamb\u00e9m que precisamos ser generosos e caridosos com aqueles que est\u00e3o em necessidade, sempre e em primeiro lugar. <strong>Isso mesmo, o bem comum vem antes do ganho individual<\/strong>. A rainha de ouros representa a prosperidade material e emocional. Ela ensina que n\u00e3o precisamos escolher entre ter uma vida materialmente rica ou espiritualmente satisfat\u00f3ria. Podemos ter ambas, desde que dispostos a trabalhar, sermos gratos pelo que temos e ajudar os outros ao longo do caminho.<\/p>\n<table style=\"width: 100%; border-collapse: collapse; background-color: #adf3e5;\">\n<tbody>\n<tr>\n<td style=\"width: 100%;\">\n<p style=\"text-align: center;\"><img loading=\"lazy\" decoding=\"async\" class=\"size-full wp-image-319 aligncenter\" src=\"https:\/\/nalua.in\/notas\/wp-content\/uploads\/2023\/03\/tenhafep.jpg\" alt=\"\" width=\"350\" height=\"544\" \/><\/p>\n<p style=\"text-align: center;\"><em><b>N\u00e3o interessa o que possa parecer na superf\u00edcie, ou o quanto a vida possa parecer injusta, confie que a Justi\u00e7a Divina est\u00e1 trabalhando o tempo todo.\u00a0<\/b><\/em><\/p>\n<p style=\"text-align: center;\"><strong>A li\u00e7\u00e3o para a alma<em>: Refreie a autocomisera\u00e7\u00e3o e o ressentimento e aceite que a sua jornada \u00e9 o que \u00e9 por alguma raz\u00e3o. O que o desafia hoje pode ajud\u00e1-lo a se tornar espiritualmente mais forte amanh\u00e3. Por exemplo, onde voc\u00ea \u00e9 levado a trabalhar mais? Onde est\u00e3o lhe pedindo para ter f\u00e9 e deixar de lado o controle? Que qualidades est\u00e3o se desenvolvendo em voc\u00ea pelas dificuldades que est\u00e3o pr\u00f3ximas? Adapte-se ao momento e o aceite com boa vontade e dignidade. A fim de fazer o melhor, pe\u00e7a ao seu Eu Superior para que lhe d\u00ea os recursos para seguir adiante.<\/em><\/strong><\/p>\n<p style=\"text-align: center;\">\u2665<\/p>\n<p style=\"text-align: center;\">Do Or\u00e1culo da Alma<\/p>\n<\/td>\n<\/tr>\n<\/tbody>\n<\/table>\n<hr \/>\n<h3 style=\"text-align: center;\"><strong>Um texto para a semana em que somos todos s\u00faditos da f\u00e9<\/strong><\/h3>\n<p style=\"text-align: justify;\"><em>Tendo Deus, \u00e9 menos grave se descuidar um pouquinho, pois no fim d\u00e1 certo.<\/em><br \/>\n<em>Com Deus existindo, tudo d\u00e1 esperan\u00e7a: sempre um milagre \u00e9 poss\u00edvel, o mundo se resolve. Mas, se n\u00e3o tem Deus, h\u00e1-de a gente perdidos no vaiv\u00e9m, e a vida \u00e9 burra. \u00c9 o aberto perigo das grandes e pequenas horas, n\u00e3o se podendo facilitar \u2013 \u00e9 todos contra os acasos. Tendo Deus, \u00e9 menos grave se descuidar um pouquinho, pois no fim d\u00e1 certo. Mas, se n\u00e3o tem Deus, ent\u00e3o, a gente n\u00e3o tem licen\u00e7a de coisa nenhuma! Porque existe dor. E a vida do homem est\u00e1 presa encantoada \u2013 erra rumo, d\u00e1 em aleij\u00f5es como esses, dos meninos sem pernas e bra\u00e7os. Dor n\u00e3o d\u00f3i at\u00e9 em criancinhas e bichos, e nos doidos \u2013 n\u00e3o d\u00f3i sem precisar de se ter raz\u00e3o nem conhecimento? E as pessoas n\u00e3o nascem sempre? Ah, medo tenho n\u00e3o \u00e9 de ver morte, mas de ver nascimento. Medo mist\u00e9rio. O senhor n\u00e3o v\u00ea? O que n\u00e3o \u00e9 Deus, \u00e9 estado do dem\u00f4nio. Deus existe mesmo quando n\u00e3o h\u00e1. Mas o dem\u00f4nio n\u00e3o precisa de existir para haver \u2013 a gente sabendo que ele n\u00e3o existe, a\u00ed \u00e9 que ele toma conta de tudo. O inferno \u00e9 um sem-fim que nem n\u00e3o se pode ver. Mas a gente quer C\u00e9u \u00e9 porque quer um fim: mas um fim com depois dele a gente tudo vendo. Se eu estou falando \u00e0s flautas, o senhor me corte. Meu modo \u00e9 este. Nasci para n\u00e3o ter homem igual em meus gostos.<\/em><\/p>\n<p style=\"text-align: right;\"><strong>Jo\u00e3o Guimar\u00e3es Rosa \u2013 Grande Sert\u00e3o Veredas<\/strong><\/p>\n<hr \/>\n<h3 style=\"text-align: center;\"><strong>Ler &amp; Assistir sobre as Rainhas Douradas e a f\u00e9 que move o im\u00f3vel<\/strong><\/h3>\n<p style=\"text-align: justify;\"><span style=\"font-size: 12pt;\"><em>Hoje vou ficar com a maior rainha de ouros da hist\u00f3ria do Imp\u00e9rio: Chica da Silva (Ou Xica da Silva). A mais apaixonante das mulheres da nossa hist\u00f3ria colonial. Uma pessoa incr\u00edvel, inacredit\u00e1vel, n\u00e3o sei como n\u00f3s brasileiros n\u00e3o a veneramos muito mais. Ela \u00e9 uma personagem muito, mas muito al\u00e9m da novela e do filme, respons\u00e1veis pelo que temos dela no nosso imagin\u00e1rio.\u00a0 Conhe\u00e7am Francisca da Silva, conhe\u00e7am essa mulher incr\u00edvel, essa Rainha de Ouro plena. Deixem em suspenso a novela, o filme, o livro do Agripa Vasconcelos.<\/em><\/span><\/p>\n<p style=\"text-align: justify;\"><span style=\"font-size: 12pt;\"><em>Recomendo 3 livros sobre ela. Tamb\u00e9m falo de um outro filme que n\u00e3o tem a ver com Xica, mas que mostra uma Rainha de Ouros moderna em a\u00e7\u00e3o.<\/em><\/span><\/p>\n<table style=\"border-collapse: collapse; width: 100%;\">\n<tbody>\n<tr>\n<td style=\"width: 50%;\"><img loading=\"lazy\" decoding=\"async\" class=\"size-full wp-image-320 aligncenter\" src=\"https:\/\/nalua.in\/notas\/wp-content\/uploads\/2023\/03\/91QfR3Rl-JL.jpg\" alt=\"\" width=\"300\" height=\"451\" \/><\/td>\n<td style=\"width: 50%;\"><img loading=\"lazy\" decoding=\"async\" class=\"size-full wp-image-321 aligncenter\" src=\"https:\/\/nalua.in\/notas\/wp-content\/uploads\/2023\/03\/A14KR16Fh4L.jpg\" alt=\"\" width=\"300\" height=\"446\" \/><\/td>\n<\/tr>\n<\/tbody>\n<\/table>\n<p style=\"text-align: center;\"><b>\u2666<\/b><\/p>\n<table style=\"border-collapse: collapse; width: 100%;\">\n<tbody>\n<tr>\n<td style=\"width: 50%;\">\n<h4 style=\"text-align: center;\"><strong>Livro<\/strong><\/h4>\n<p style=\"text-align: center;\"><em><strong><span style=\"font-size: 18pt;\">Chica da Silva e o contratador dos diamantes &#8211; J\u00fania Ferreira Furtado<\/span><\/strong><\/em><\/p>\n<p style=\"text-align: justify;\">O livro <strong>Chica da Silva e o contratador dos diamantes<\/strong>, da historiadora J\u00fania Ferreira Furtado, \u00e9 uma obra que busca desmistificar a imagem de Chica da Silva como uma mulher sensual e libertina, que teria seduzido o rico contratador dos diamantes Jo\u00e3o Fernandes de Oliveira e vivido uma vida de luxo e ostenta\u00e7\u00e3o no arraial do Tejuco, atual Diamantina, em Minas Gerais, no s\u00e9culo XVIII. A autora se baseia em uma ampla pesquisa documental, realizada em arquivos do Brasil, de Portugal e dos Estados Unidos, para reconstruir a trajet\u00f3ria de Chica da Silva como uma mulher que nasceu escrava, mas que conseguiu sua alforria e se inseriu na sociedade mineira colonial por meio da rela\u00e7\u00e3o com Jo\u00e3o Fernandes, com quem teve treze filhos.<\/p>\n<p style=\"text-align: justify;\">O livro se divide em tr\u00eas partes: a primeira trata do contexto hist\u00f3rico da minera\u00e7\u00e3o dos diamantes em Minas Gerais e da figura do contratador Jo\u00e3o Fernandes de Oliveira, que era o respons\u00e1vel pela explora\u00e7\u00e3o e pelo com\u00e9rcio das pedras preciosas na regi\u00e3o; a segunda parte se dedica \u00e0 biografia de Chica da Silva, desde seu nascimento at\u00e9 sua morte, passando por sua inf\u00e2ncia como escrava, sua rela\u00e7\u00e3o com Jo\u00e3o Fernandes e seus filhos, sua participa\u00e7\u00e3o na vida social e religiosa do arraial do Tejuco, sua condi\u00e7\u00e3o de senhora de escravos e seus conflitos com as autoridades locais; a terceira parte analisa a constru\u00e7\u00e3o do mito de Chica da Silva ao longo dos s\u00e9culos XIX e XX, por meio de romances, filmes, novelas e m\u00fasicas que retrataram a personagem de forma estereotipada e distorcida.<\/p>\n<p style=\"text-align: justify;\">A autora defende que Chica da Silva n\u00e3o foi uma exce\u00e7\u00e3o, mas um exemplo entre muitos de escravizados forros que procuravam diminuir o estigma da cor e da condi\u00e7\u00e3o de ex-escravos na sociedade colonial brasileira. Ela tamb\u00e9m mostra que Chica da Silva n\u00e3o foi uma hero\u00edna abolicionista nem uma megera devoradora de homens, mas uma mulher que soube aproveitar as oportunidades que se apresentaram em sua vida e que buscou garantir a educa\u00e7\u00e3o e a ascens\u00e3o social de seus filhos. O livro \u00e9 uma contribui\u00e7\u00e3o importante para o conhecimento da hist\u00f3ria das mulheres, dos negros e das rela\u00e7\u00f5es raciais no Brasil colonial.<\/p>\n<\/td>\n<td style=\"width: 50%;\">\n<h4 style=\"text-align: center;\"><strong>Livro<\/strong><\/h4>\n<p style=\"text-align: center;\"><strong><em><span style=\"font-size: 18pt;\">Xica da Silva: A Cinderela Negra<\/span><\/em><\/strong><\/p>\n<p style=\"text-align: justify;\"><strong>Xica da Silva: A Cinderela Negra<\/strong> \u00e9 um livro da escritora cearense Ana Miranda, publicado em 2016 pela Editora Record. O livro \u00e9 uma biografia romanceada de uma das personagens mais admir\u00e1veis e controversas da hist\u00f3ria brasileira: Francisca da Silva de Oliveira, mais conhecida como Xica da Silva.<\/p>\n<p style=\"text-align: justify;\">Xica da Silva foi uma escrava alforriada que se tornou companheira do contratador de diamantes Jo\u00e3o Fernandes de Oliveira, no s\u00e9culo 18, na regi\u00e3o do Tijuco (atual Diamantina, em Minas Gerais). Com sua beleza, intelig\u00eancia e ousadia, Xica conquistou o poder e a riqueza, desafiando as conven\u00e7\u00f5es sociais e raciais da \u00e9poca. Ela tamb\u00e9m se tornou uma mecenas das artes e da cultura, patrocinando artistas e obras que enriqueceram o patrim\u00f4nio hist\u00f3rico brasileiro.<\/p>\n<p style=\"text-align: justify;\">Ana Miranda reconstitui a trajet\u00f3ria de Xica da Silva com base em extensa pesquisa hist\u00f3rica, mas tamb\u00e9m com muita imagina\u00e7\u00e3o e sensibilidade. A autora revela as diversas facetas e interpreta\u00e7\u00f5es que envolvem a figura de Xica: da sedutora que dominava os homens com sua ast\u00facia e sensualidade, \u00e0 concubina amorosa que era fiel ao marido e dedicada aos filhos; do papel de dona de cem escravos e administradora da maior riqueza de seu tempo, \u00e0 mulher vitoriosa que superou sua condi\u00e7\u00e3o de escravizada, criando a lenda de uma Cinderela Negra.<\/p>\n<p style=\"text-align: justify;\">O livro tem um estilo que mistura o erudito e o popular, o po\u00e9tico e o cr\u00edtico, o factual e o ficcional. A autora utiliza diversas fontes e refer\u00eancias para compor o cen\u00e1rio hist\u00f3rico e cultural do Brasil colonial, como documentos oficiais, cartas, relatos de viajantes, cantos dos escravos, lendas e mitos. O resultado \u00e9 uma obra rica em detalhes e nuances, que retrata com fidelidade e criatividade a vida e a \u00e9poca de Xica da Silva.<\/p>\n<p style=\"text-align: justify;\"><span style=\"font-family: inherit; font-size: inherit; background-color: var(--global--color-background); color: var(--global--color-foreground);\"><strong>Xica da Silva: A Cinderela Negra<\/strong> \u00e9 um livro delicioso, que mistura estilos, vozes, tempos e <\/span><span style=\"font-family: inherit; font-size: inherit; background-color: var(--global--color-background); color: var(--global--color-foreground);\">merece ser lido por todos que se interessam pela hist\u00f3ria do Brasil e pela hist\u00f3ria das mulheres. \u00c9 um livro que resgata a mem\u00f3ria de uma personagem que foi estigmatizada, mitificada e romantizada por muitas m\u00e3os, mas que ainda tem muito a nos ensinar sobre a resist\u00eancia, a liberdade e a identidade do povo brasileiro. \u00c9 a hist\u00f3ria de uma das nossas personagens mais interessantes, mais fascinantes e diferentes.\u00a0<\/span><\/p>\n<\/td>\n<\/tr>\n<\/tbody>\n<\/table>\n<p style=\"text-align: center;\">\u2666<\/p>\n<table style=\"border-collapse: collapse; width: 100%;\">\n<tbody>\n<tr>\n<td style=\"width: 50%;\"><img loading=\"lazy\" decoding=\"async\" class=\" wp-image-323 aligncenter\" src=\"https:\/\/nalua.in\/notas\/wp-content\/uploads\/2023\/03\/818Oa76vm-L.jpg\" alt=\"\" width=\"241\" height=\"348\" \/><\/td>\n<td style=\"width: 50%;\"><img loading=\"lazy\" decoding=\"async\" class=\"size-full wp-image-324 aligncenter\" src=\"https:\/\/nalua.in\/notas\/wp-content\/uploads\/2023\/03\/Joy_filme.jpg\" alt=\"\" width=\"250\" height=\"370\" \/><\/td>\n<\/tr>\n<\/tbody>\n<\/table>\n<p style=\"text-align: center;\">\u2666<\/p>\n<table style=\"border-collapse: collapse; width: 100%;\">\n<tbody>\n<tr>\n<td style=\"width: 50%;\">\n<h4 style=\"text-align: center;\"><strong>Livro<\/strong><\/h4>\n<p style=\"text-align: center;\"><em><span style=\"font-size: 18pt;\"><strong>Chica da Silva: Romance de uma vida de Joyce Ribeiro<\/strong><\/span><\/em><\/p>\n<p style=\"text-align: justify;\">Este livro \u00e9 um livro da jornalista Joyce Ribeiro que conta a hist\u00f3ria de uma das mulheres mais famosas do Brasil colonial. Chica da Silva foi uma escrava que se tornou amante de um rico e poderoso homem branco, Jo\u00e3o Fernandes de Oliveira, com quem teve 13 filhos e viveu uma vida de luxo e influ\u00eancia em Diamantina, Minas Gerais.<\/p>\n<p style=\"text-align: justify;\">O livro \u00e9 uma narrativa romanceada, baseada em fatos hist\u00f3ricos, que busca retratar a personalidade, os sentimentos e os desafios de Chica da Silva em um contexto de escravid\u00e3o, racismo e machismo. A autora mostra como Chica da Silva usou sua intelig\u00eancia, sua beleza e seu carisma para conquistar seu espa\u00e7o e sua liberdade, enfrentando preconceitos, invejas e persegui\u00e7\u00f5es.<\/p>\n<p style=\"text-align: justify;\">A obra tamb\u00e9m explora o relacionamento de Chica da Silva com Jo\u00e3o Fernandes de Oliveira, que foi um dos maiores contrabandistas de diamantes da regi\u00e3o e que se apaixonou por Chica desde o primeiro momento que a viu. O casal viveu um amor proibido e escandaloso para a \u00e9poca, mas que tamb\u00e9m foi marcado por cumplicidade, respeito e admira\u00e7\u00e3o.<\/p>\n<p style=\"text-align: justify;\">Al\u00e9m disso, o livro apresenta o cen\u00e1rio hist\u00f3rico e social do Brasil no s\u00e9culo XVIII, mostrando as condi\u00e7\u00f5es de vida dos escravos, dos senhores, dos comerciantes, dos religiosos e dos governantes. A autora descreve com riqueza de detalhes as paisagens, as festas, as tradi\u00e7\u00f5es, as intrigas e as revoltas que aconteceram na \u00e9poca.<\/p>\n<p style=\"text-align: justify;\"><span style=\"font-family: inherit; font-size: inherit; background-color: var(--global--color-background); color: var(--global--color-foreground);\"><strong>Chica da Silva: Romance de uma vida<\/strong> \u00e9 um livro que mistura fic\u00e7\u00e3o e realidade para contar a trajet\u00f3ria de uma mulher extraordin\u00e1ria, que superou as adversidades e se tornou um s\u00edmbolo de resist\u00eancia e ousadia. \u00c9 uma leitura envolvente, emocionante e inspiradora para quem gosta de hist\u00f3ria, romance e biografia.<\/span><\/p>\n<\/td>\n<td style=\"width: 50%;\">\n<h4 style=\"text-align: center;\"><strong>Filme<\/strong><\/h4>\n<p style=\"text-align: center;\"><em><span style=\"font-size: 18pt;\"><strong>Joy: O Nome do Sucesso<\/strong><\/span><\/em><\/p>\n<p style=\"text-align: justify;\">Esse \u00e9 um filme de 2015 dirigido por David O. Russell e estrelado por Jennifer Lawrence, Robert De Niro e Bradley Cooper. O filme conta a hist\u00f3ria real de Joy Mangano, uma empreendedora e inventora que se tornou milion\u00e1ria com suas ideias.<\/p>\n<p style=\"text-align: justify;\">O filme mostra um pouco da inf\u00e2ncia de Joy, que desde cedo demonstrava criatividade e talento para inventar coisas. Por\u00e9m, sua vida adulta foi marcada por dificuldades financeiras, problemas familiares e frustra\u00e7\u00f5es pessoais. Joy teve que conciliar a jornada de m\u00e3e solteira com a de inventora, enfrentando v\u00e1rios obst\u00e1culos e desafios para realizar seus sonhos.<\/p>\n<p style=\"text-align: justify;\">Uma das principais inven\u00e7\u00f5es de Joy foi o Miracle Mop, um esfreg\u00e3o mais pr\u00e1tico e seguro que ela criou ap\u00f3s se machucar com um esfreg\u00e3o comum. Joy teve que investir todo o seu dinheiro na produ\u00e7\u00e3o do produto e tentar vend\u00ea-lo em lojas e feiras, sem muito sucesso. Sua grande chance veio quando ela conseguiu uma oportunidade de apresentar seu produto na QVC, um canal de vendas pela televis\u00e3o. Com a ajuda do executivo Neil Walker (Bradley Cooper), Joy conseguiu conquistar o p\u00fablico e vender milhares de unidades do seu esfreg\u00e3o.<\/p>\n<p style=\"text-align: justify;\">O filme tamb\u00e9m mostra as dificuldades que Joy enfrentou para manter o controle da sua empresa e da sua propriedade intelectual, tendo que lidar com trai\u00e7\u00f5es, processos e concorr\u00eancia desleal. Joy teve que provar sua capacidade e sua determina\u00e7\u00e3o para se tornar uma das empreendedoras de maior sucesso dos Estados Unidos.<\/p>\n<p style=\"text-align: justify;\"><span style=\"font-family: inherit; font-size: inherit; background-color: var(--global--color-background); color: var(--global--color-foreground);\"><strong>Joy: O Nome do Sucesso<\/strong> \u00e9 um filme inspirador que mostra a trajet\u00f3ria de uma mulher que n\u00e3o desistiu dos seus sonhos e que superou as adversidades com criatividade, perseveran\u00e7a e coragem. O filme tamb\u00e9m \u00e9 uma homenagem \u00e0s mulheres que lutam por seus espa\u00e7os e que contribuem para o desenvolvimento da sociedade com suas ideias e inven\u00e7\u00f5es.<\/span><\/p>\n<\/td>\n<\/tr>\n<\/tbody>\n<\/table>\n<h3 style=\"text-align: center;\"><strong>Link<\/strong><\/h3>\n<p style=\"text-align: center;\"><a href=\"https:\/\/telegra.ph\/ocument%C3%A1rio-A-Rainha-das-Am%C3%A9ricas-tenta-reconstruir-rosto-da-ex-escrava-mas-esbarra-em-impasse-internacional-03-23\" target=\"_blank\" rel=\"noopener\">O Sequestro de Chica da Silva.\u00a0 Essa hist\u00f3ria \u00e9 inacredit\u00e1vel. \u00c9 incr\u00edvel o descaso que nosso povo ainda tem com a hist\u00f3ria e o patrim\u00f4nio.<\/a><\/p>\n<hr \/>\n<h3 style=\"text-align: center;\"><strong>Uma gota de mitologia real<\/strong><\/h3>\n<p style=\"text-align: center;\"><span style=\"font-size: 18pt;\"><strong>As Yab\u00e1s<\/strong><\/span><\/p>\n<p><img loading=\"lazy\" decoding=\"async\" class=\" wp-image-325 alignleft\" style=\"margin-right: var(--global--spacing-horizontal);\" src=\"https:\/\/nalua.in\/notas\/wp-content\/uploads\/2023\/03\/yabas.jpg\" alt=\"\" width=\"163\" height=\"267\" \/><\/p>\n<p style=\"text-align: justify;\">As yab\u00e1s da mitologia africana s\u00e3o as orix\u00e1s femininas que representam diferentes aspectos da natureza e da vida humana. Elas s\u00e3o poderosas, guerreiras, s\u00e1bias e maternais, cada uma com sua personalidade e seus dom\u00ednios.<\/p>\n<p style=\"text-align: justify;\">Yab\u00e1 \u00e9 um termo que vem do iorub\u00e1 e significa &#8220;m\u00e3e rainha&#8221;. Na \u00c1frica, sup\u00f5e-se que esse nome se restringia a Iemanj\u00e1 e Oxum, as duas orix\u00e1s mais importantes na hierarquia divina. J\u00e1 no Brasil, o termo se estendeu \u00e0s outras orix\u00e1s femininas, como Ians\u00e3, Nan\u00e3, Ob\u00e1 e Ew\u00e1. As yab\u00e1s s\u00e3o reverenciadas nas religi\u00f5es de matriz africana, como o candombl\u00e9 e a umbanda, e no sincretismo religioso com o catolicismo.<\/p>\n<p style=\"text-align: justify;\">As yab\u00e1s s\u00e3o as filhas de Olorum, o ser supremo na mitologia africana. Foram criadas para governar diferentes aspectos da cria\u00e7\u00e3o, como as \u00e1guas, os ventos, a terra e a fertilidade. Elas tamb\u00e9m s\u00e3o respons\u00e1veis por proteger e orientar os seres humanos em suas jornadas. Cada yab\u00e1 tem sua hist\u00f3ria, seus s\u00edmbolos, suas cores, suas oferendas e seus dias de celebra\u00e7\u00e3o e representam a por\u00e7\u00e3o feminina dos orix\u00e1s.<\/p>\n<p>&nbsp;<\/p>\n<hr \/>\n<h3 style=\"text-align: center;\"><strong>Radio Rel\u00f3gio<\/strong><\/h3>\n<p><strong>Uma curiosidade:<\/strong> Jo\u00e3o Fernandes de Oliveira, o pai do contratador amante de Xica da Silva e de mesmo nome, foi um dos homens mais ricos de todo o imp\u00e9rio portugu\u00eas. N\u00e3o havia nem aqui nem nas terras de ultramar ningu\u00e9m mais rico do que ele, nem nobre, nem plebeu.<\/p>\n<hr \/>\n<p style=\"text-align: center;\"><span style=\"font-size: 10pt;\"><strong>26 de mar\u00e7o<\/strong>\u00a0\u00e9 o 85.\u00ba dia do ano no\u00a0<a href=\"https:\/\/pt.wikipedia.org\/wiki\/Calend%C3%A1rio_gregoriano\">calend\u00e1rio gregoriano<\/a>\u00a0(86.\u00ba em\u00a0<a href=\"https:\/\/pt.wikipedia.org\/wiki\/Ano_bissexto\">anos bissextos<\/a>). Faltam 280 para acabar o ano.<\/span><\/p>\n<hr \/>\n<p style=\"text-align: center;\">Post com a colabora\u00e7\u00e3o da <a href=\"https:\/\/www.instagram.com\/laismeralda\" target=\"_blank\" rel=\"noopener\">@laismeralda<\/a><\/p>\n<table style=\"width: 100%; border-collapse: collapse; background-color: #a5dce5;\">\n<tbody>\n<tr>\n<td style=\"width: 100%;\">\n<p style=\"text-align: center;\">\u201cTer f\u00e9 \u00e9 muito simples. Dif\u00edcil \u00e9 acreditar nela.\u201d<\/p>\n<p style=\"text-align: center;\"><a href=\"https:\/\/www.pensador.com\/autor\/sofocleto\/\">Sofocleto<\/a><\/p>\n<\/td>\n<\/tr>\n<\/tbody>\n<\/table>\n<p style=\"text-align: center;\"><em>Se voc\u00ea leu at\u00e9 aqui, obrigada! Esse \u00e9 o meu almanaque particular. Um peda\u00e7o do meu di\u00e1rio, um registro de pequenas efem\u00e9rides, de coisas que quero guardar, do tempo, do vento, do c\u00e9u e do cheiro da chuva. Os Vest\u00edgios do Dia, meu dia.<\/em><\/p>\n<table style=\"width: 100%; border-collapse: collapse; background-color: #ed8a9f;\">\n<tbody>\n<tr>\n<td style=\"width: 1376.2px; background-color: #ed8a9f; text-align: center;\">\u00a9 Nalua \u2013 Notas da vida comezinha, nos morros de Minas Gerais, no auge do ver\u00e3o, embora outono, e num calor\u00e3o que parece o bafo do capeta.<\/td>\n<\/tr>\n<\/tbody>\n<\/table>\n<p>&nbsp;<\/p>\n","protected":false},"excerpt":{"rendered":"<p>meu amor \u00e9 ouro no cascalho Belo Horizonte, 26 de mar\u00e7o de 2023 \u263c 32\u00b0 \u2013 19\u00b0 Dia do Mercosul, dia do Livro em Portugal. [&#8230;]<\/p>\n","protected":false},"author":1,"featured_media":0,"comment_status":"open","ping_status":"open","sticky":false,"template":"","format":"standard","meta":{"footnotes":""},"categories":[5,6,4,3,7],"tags":[],"class_list":["post-100","post","type-post","status-publish","format-standard","hentry","category-almanaque","category-carta-semanal","category-jardim","category-newsletter","category-oraculo"],"_links":{"self":[{"href":"https:\/\/nalu.in\/almanaque\/wp-json\/wp\/v2\/posts\/100","targetHints":{"allow":["GET"]}}],"collection":[{"href":"https:\/\/nalu.in\/almanaque\/wp-json\/wp\/v2\/posts"}],"about":[{"href":"https:\/\/nalu.in\/almanaque\/wp-json\/wp\/v2\/types\/post"}],"author":[{"embeddable":true,"href":"https:\/\/nalu.in\/almanaque\/wp-json\/wp\/v2\/users\/1"}],"replies":[{"embeddable":true,"href":"https:\/\/nalu.in\/almanaque\/wp-json\/wp\/v2\/comments?post=100"}],"version-history":[{"count":6,"href":"https:\/\/nalu.in\/almanaque\/wp-json\/wp\/v2\/posts\/100\/revisions"}],"predecessor-version":[{"id":105,"href":"https:\/\/nalu.in\/almanaque\/wp-json\/wp\/v2\/posts\/100\/revisions\/105"}],"wp:attachment":[{"href":"https:\/\/nalu.in\/almanaque\/wp-json\/wp\/v2\/media?parent=100"}],"wp:term":[{"taxonomy":"category","embeddable":true,"href":"https:\/\/nalu.in\/almanaque\/wp-json\/wp\/v2\/categories?post=100"},{"taxonomy":"post_tag","embeddable":true,"href":"https:\/\/nalu.in\/almanaque\/wp-json\/wp\/v2\/tags?post=100"}],"curies":[{"name":"wp","href":"https:\/\/api.w.org\/{rel}","templated":true}]}}