{"id":38,"date":"2023-03-05T19:15:11","date_gmt":"2023-03-05T19:15:11","guid":{"rendered":"https:\/\/nalu.in\/almanaque\/?p=38"},"modified":"2023-03-12T19:31:49","modified_gmt":"2023-03-12T19:31:49","slug":"vi-um-cara-te-beijando","status":"publish","type":"post","link":"https:\/\/nalu.in\/almanaque\/vi-um-cara-te-beijando\/","title":{"rendered":""},"content":{"rendered":"<p><a href=\"https:\/\/nalu.in\/almanaque\/vi-um-cara-te-beijando\/\" target=\"_blank\" rel=\"noopener\"><img loading=\"lazy\" decoding=\"async\" class=\"aligncenter wp-image-157 size-large\" src=\"https:\/\/nalua.in\/notas\/wp-content\/uploads\/2023\/02\/almanaque-1024x256.jpg\" alt=\"\" width=\"1024\" height=\"256\" \/><\/a><\/p>\n<p style=\"text-align: right;\"><a href=\"https:\/\/nalu.in\/almanaque\/vi-um-cara-te-beijando\/\"><em><span style=\"font-size: 10pt;\">deixe um coment\u00e1rio<\/span><\/em><\/a><\/p>\n<hr \/>\n<p style=\"text-align: center;\"><strong>Belo Horizonte,\u00a0 5 de mar\u00e7o de 2023\u00a0\u263c 31\u00b0 &#8211; 18\u00b0<\/strong><\/p>\n<p>Um dia depois do anivers\u00e1rio da M\u00e1rcia. Anivers\u00e1rio do Pasolini. Em 1936 Luiz Carlos Prestes e Olga Benario s\u00e3o presos e interrogados no Rio de Janeiro pela primeira vez. Em 1887 nascia Villa-Lobos. E em 1966 morria a poeta Anna Akhmatova.<\/p>\n<hr \/>\n<p style=\"text-align: center;\"><em>dou de beber<\/em><br \/>\n<em>ao passado<\/em><br \/>\n<em>e recordo<\/em><br \/>\n<em>que doer \u00e9 finito<\/em><br \/>\n<em>e que viver<\/em><br \/>\n<em>n\u00e3o passa de<\/em><br \/>\n<em>assoprar velas coloridas<\/em><br \/>\n<em>de imperman\u00eancia<\/em><\/p>\n<p style=\"text-align: center;\">\u2764<\/p>\n<p style=\"text-align: center;\"><strong> Patr\u00edcia Pinheiro<\/strong><\/p>\n<p style=\"text-align: center;\">Poema do livro &#8220;Quadripartida&#8221;<\/p>\n<hr \/>\n<p style=\"text-align: center;\"><strong>Neste dia, em\u00a0Coimbra, Portugal, h\u00e1 70 anos, escrevia Miguel Torga em seu di\u00e1rio:<\/strong><\/p>\n<p style=\"text-align: center;\"><em>5 de Mar\u00e7o de I953<\/em><\/p>\n<p style=\"text-align: center;\"><em>Chega a dar vontade de rir! H\u00e1 vinte cinco anos diante deste panorama liter\u00e1rio: meia d\u00fazia de sujeitos, sempre os mesmos, a trocarem entre si versos e dardos. Nestes pequenos mundos como o nosso, a cultura perde o seu aspeto universal e concentra-se em siglas s\u00f3 intelig\u00edveis a certos. E esses bem-aventurados sentam-se ent\u00e3o \u00e0s mesas dos caf\u00e9s ou das revistas, e praticam, muito compenetrados, uma esp\u00e9cie de jogo da bisca em grande estilo, de que o resto dos mortais n\u00e3o percebe patavina. Trunfam, destrunfam, cortam, baralham, d\u00e3o cartas de novo, e sempre convencidos de que est\u00e3o a manobrar a gl\u00f3ria, quando a partida nem a feij\u00f5es \u00e9! Lembram-me aqueles chineses que vendem gravatas nas feiras e falam incansavelmente uns com os outros numa l\u00edngua de ratos a chiar. Eles l\u00e1 dizem, e l\u00e1 se entendem&#8230; Mas s\u00e3o ilhas na multid\u00e3o.<\/em><\/p>\n<p>MIGUEL TORGA &#8211; DI\u00c1RIO VI &#8211; 3.\u00aa EDI\u00c7\u00c3O &#8211; COIMBRA<\/p>\n<hr \/>\n<p style=\"text-align: center;\"><strong><span style=\"font-size: 24pt;\">Or\u00e1culos da Semana<\/span><\/strong><\/p>\n<table style=\"border-collapse: collapse; width: 100%;\">\n<tbody>\n<tr>\n<td style=\"width: 100%; background-color: #25bab8;\"><img loading=\"lazy\" decoding=\"async\" class=\"alignnone size-medium wp-image-45 aligncenter\" src=\"https:\/\/nalu.in\/almanaque\/wp-content\/uploads\/2023\/03\/valetecupsp-184x300.jpg\" alt=\"\" width=\"184\" height=\"300\" srcset=\"https:\/\/nalu.in\/almanaque\/wp-content\/uploads\/2023\/03\/valetecupsp-184x300.jpg 184w, https:\/\/nalu.in\/almanaque\/wp-content\/uploads\/2023\/03\/valetecupsp.jpg 250w\" sizes=\"auto, (max-width: 184px) 100vw, 184px\" \/><\/p>\n<h3 style=\"text-align: center;\"><strong><span style=\"color: #ffffff; font-size: 18pt;\">Valete de Copas<\/span><\/strong><\/h3>\n<\/td>\n<\/tr>\n<\/tbody>\n<\/table>\n<table style=\"border-collapse: collapse; width: 100%;\">\n<tbody>\n<tr>\n<td style=\"width: 100%;\">\n<p style=\"text-align: justify;\">O Valete de Copas, t\u00e3o jovem, t\u00e3o cheio de vida! Com sua capa vermelha e chap\u00e9u de aba ca\u00edda, caminha margeando as \u00e1guas que seguem seu curso.<br \/>\nSeu cora\u00e7\u00e3o \u00e9 puro e sincero. Ele est\u00e1 sempre pronto para o amor verdadeiro, seus sentimentos s\u00e3o intensos e profundos. E ele n\u00e3o tem medo de mostrar o que sente.<\/p>\n<p style=\"text-align: justify;\">Esse pequeno Pajem de Copas \u00e9 um sonhador, mantem um otimismo inabal\u00e1vel frente \u00e0 vida. Ele traz not\u00edcias significativas, presentes inesperados. \u00c9 o mensageiro que anuncia a chegada do amor, de boas novas e de descobertas impactantes. Sob a energia desta carta \u00e9 preciso manter a inoc\u00eancia e um certo grau de entrega. Uma <em>mente de principiante<\/em>, como dizem os budistas. \u00c9 preciso manter o espanto da crian\u00e7a diante da vida, diante dos presentes da vida. Essa carta convida a n\u00e3o endurecer o esp\u00edrito, a manter a calma e a esperan\u00e7a.<\/p>\n<p style=\"text-align: justify;\">O Valete de Copas significa que coisas boas est\u00e3o em jogo no momento. \u00c9 uma carta cheia de energia e entusiasmo.<br \/>\nSignifica que \u00e9 um bom per\u00edodo para iniciar novos projetos ou prosseguir com alguma situa\u00e7\u00e3o que se iniciou recentemente. Tamb\u00e9m pode anunciar um novo amor, ou a renova\u00e7\u00e3o em um amor j\u00e1 posto. Ou podem ser boas novas na quest\u00e3o principal que ocupa sua mente no momento.<\/p>\n<p style=\"text-align: justify;\">Em geral, a carta do Valete de Copas \u00e9 um convite para se conectar com o cora\u00e7\u00e3o e permitir que as emo\u00e7\u00f5es aflorem. Ela nos incentiva a sermos mais amorosos, abertos e expressivos em rela\u00e7\u00e3o aos nossos sentimentos e ao nosso cotidiano.<\/p>\n<\/td>\n<\/tr>\n<\/tbody>\n<\/table>\n<p>&nbsp;<\/p>\n<table style=\"width: 100%; border-collapse: collapse; background-color: #73c1f5;\">\n<tbody>\n<tr>\n<td style=\"width: 100%;\">\n<p style=\"text-align: center;\"><strong><i><img loading=\"lazy\" decoding=\"async\" class=\"alignnone size-medium wp-image-43\" src=\"https:\/\/nalu.in\/almanaque\/wp-content\/uploads\/2023\/03\/followbliss05p-257x300.jpeg\" alt=\"\" width=\"257\" height=\"300\" srcset=\"https:\/\/nalu.in\/almanaque\/wp-content\/uploads\/2023\/03\/followbliss05p-257x300.jpeg 257w, https:\/\/nalu.in\/almanaque\/wp-content\/uploads\/2023\/03\/followbliss05p.jpeg 400w\" sizes=\"auto, (max-width: 257px) 100vw, 257px\" \/><\/i><\/strong><\/p>\n<p style=\"text-align: center;\"><span style=\"color: #ffffff;\"><strong><i>No Jap\u00e3o todas coisas s\u00e3o Buda.<\/i><\/strong><\/span><\/p>\n<p style=\"text-align: center;\"><span style=\"color: #ffffff;\"><strong><i>Todas as coisas em si mesmas s\u00e3o o real.<\/i><\/strong><\/span><\/p>\n<p style=\"text-align: center;\"><span style=\"color: #ffffff;\"><strong><i>A apar\u00eancia fluida do impermanente \u00e9 em si mesma o estado absoluto.<\/i><\/strong><\/span><\/p>\n<p style=\"text-align: center;\"><span style=\"color: #ffffff;\"><strong>Joseph Campbell \u2013\u00a0<\/strong><strong>Sake &amp; Satori \u2013 Di\u00e1rios Asi\u00e1ticos<\/strong><\/span><\/p>\n<p style=\"text-align: center;\"><span style=\"color: #ffffff; font-size: 10pt;\">Do baralho Follow Your Bliss<\/span><\/p>\n<\/td>\n<\/tr>\n<\/tbody>\n<\/table>\n<hr \/>\n<p style=\"text-align: justify;\"><img loading=\"lazy\" decoding=\"async\" class=\"size-medium wp-image-58 aligncenter\" src=\"https:\/\/nalu.in\/almanaque\/wp-content\/uploads\/2023\/03\/reclamo-300x278.jpeg\" alt=\"\" width=\"300\" height=\"278\" srcset=\"https:\/\/nalu.in\/almanaque\/wp-content\/uploads\/2023\/03\/reclamo-300x278.jpeg 300w, https:\/\/nalu.in\/almanaque\/wp-content\/uploads\/2023\/03\/reclamo.jpeg 378w\" sizes=\"auto, (max-width: 300px) 100vw, 300px\" \/><\/p>\n<p style=\"text-align: justify;\">Quando combinado com o segundo or\u00e1culo que nos vem essa semana, sobre a imperman\u00eancia, temos diante de n\u00f3s o aprendizado de que a beleza das pequenas coisas \u00e9 um dos fatos da vida e sempre vai acontecer, sempre vai se apresentar diante de n\u00f3s.<\/p>\n<p style=\"text-align: justify;\">Essa semana \u00e9 uma semana em que haver\u00e1 beleza. Mas tamb\u00e9m \u00e9 certo que tudo \u00e9 um sopro, e por isso precisamos prestar aten\u00e7\u00e3o e atender \u00e0 porta. Agarrar a felicidade pelos cabelos.<\/p>\n<p style=\"text-align: justify;\">\u00c9 preciso lembrar que o \u00fanico absoluto \u00e9 a imperman\u00eancia, mas diante do valete de copas n\u00e3o \u00e9 preciso se desesperar, pois o que \u00e9 bom tamb\u00e9m sempre vem. N\u00e3o h\u00e1 vida sem beleza, alegria, j\u00fabilo ou esperan\u00e7a. Um eterno clich\u00ea. Mas n\u00e3o sai de moda.<\/p>\n<p style=\"text-align: justify;\">A tarefa da semana \u00e9 se dar conta de que as coisas boas vir\u00e3o, apesar de ef\u00eameras. Aproveitemos.<\/p>\n<p style=\"text-align: justify;\">O Real \u00e9 absoluto e ef\u00eamero.<\/p>\n<hr \/>\n<p style=\"text-align: center;\">Um texto para o Valete de Copas. Todo mundo conhece esse texto, mas \u00e9 t\u00e3o bom que vale ler de novo.<\/p>\n<h3 style=\"text-align: center;\"><strong>Das Vantagens de ser bobo<\/strong><\/h3>\n<blockquote>\n<p style=\"text-align: justify;\">&#8220;<em>O bobo, por n\u00e3o se ocupar com ambi\u00e7\u00f5es, tem tempo para ver, ouvir e tocar o mundo. O bobo \u00e9 capaz de ficar sentado quase sem se mexer por duas horas. Se perguntado por que n\u00e3o faz alguma coisa, responde: \u201cEstou fazendo. Estou pensando.\u201d<\/em><br \/>\n<em>Ser bobo \u00e0s vezes oferece um mundo de sa\u00edda porque os espertos s\u00f3 se lembram de sair por meio da esperteza, e o bobo tem originalidade, espontaneamente lhe vem a ideia.<\/em><br \/>\n<em>O bobo tem oportunidade de ver coisas que os espertos n\u00e3o veem. Os espertos est\u00e3o sempre t\u00e3o atentos \u00e0s espertezas alheias que se descontraem diante dos bobos, e estes os veem como simples pessoas humanas. O bobo ganha utilidade e sabedoria para viver. O bobo nunca parece ter tido vez. No entanto, muitas vezes, o bobo \u00e9 um Dostoievski.<\/em><br \/>\n<em>H\u00e1 desvantagem, obviamente. Uma boba, por exemplo, confiou na palavra de um desconhecido para a compra de um ar refrigerado de segunda m\u00e3o: ele disse que o aparelho era novo, praticamente sem uso porque se mudara para a G\u00e1vea onde \u00e9 fresco. Vai a boba e compra o aparelho sem v\u00ea-lo sequer. Resultado: n\u00e3o funciona. Chamado um t\u00e9cnico, a opini\u00e3o deste era de que o aparelho estava t\u00e3o estragado que o conserto seria car\u00edssimo: mais valia comprar outro. Mas, em contrapartida, a vantagem de ser bobo \u00e9 ter boa-f\u00e9, n\u00e3o desconfiar, e portanto estar tranquilo. Enquanto o esperto n\u00e3o dorme \u00e0 noite com medo de ser ludibriado. O esperto vence com \u00falcera no est\u00f4mago. O bobo n\u00e3o percebe que venceu.<\/em><br \/>\n<em>Aviso: n\u00e3o confundir bobos com burros. Desvantagem: pode receber uma punhalada de quem menos espera. \u00c9 uma das tristezas que o bobo n\u00e3o prev\u00ea. C\u00e9sar terminou dizendo a c\u00e9lebre frase: \u201cAt\u00e9 tu, Brutus?\u201d<\/em><br \/>\n<em>Bobo n\u00e3o reclama. Em compensa\u00e7\u00e3o, como exclama!<\/em><br \/>\n<em>Os bobos, com todas as suas palha\u00e7adas, devem estar todos no c\u00e9u. Se Cristo tivesse sido esperto n\u00e3o teria morrido na cruz.<\/em><br \/>\n<em>O bobo \u00e9 sempre t\u00e3o simp\u00e1tico que h\u00e1 espertos que se fazem passar por bobos. Ser bobo \u00e9 uma criatividade e, como toda cria\u00e7\u00e3o, \u00e9 dif\u00edcil. Por isso \u00e9 que os espertos n\u00e3o conseguem passar por bobos. Os espertos ganham dos outros. Em compensa\u00e7\u00e3o os bobos ganham a vida. Bem-aventurados os bobos porque sabem sem que ningu\u00e9m desconfie. Ali\u00e1s n\u00e3o se importam que saibam que eles sabem.<\/em><br \/>\n<em>Bobo \u00e9 Chagall, que p\u00f5e vaca no espa\u00e7o, voando por cima das casas. \u00c9 quase imposs\u00edvel evitar excesso de amor que o bobo provoca. \u00c9 que s\u00f3 o bobo \u00e9 capaz de excesso de amor. E s\u00f3 o amor faz o bobo.&#8221;<\/em><\/p>\n<p>Clarice Lispector, do livro \u201cA descoberta do mundo\u201d<\/p><\/blockquote>\n<pre style=\"text-align: center;\"><\/pre>\n<hr \/>\n<h3 style=\"text-align: center;\"><strong>Ouvir &amp; Ler &amp; Assistir sobre a <em>Imperman\u00eancia do Valete de Copas<\/em><\/strong><\/h3>\n<table style=\"border-collapse: collapse; width: 100%;\">\n<tbody>\n<tr>\n<td style=\"width: 50%;\"><img loading=\"lazy\" decoding=\"async\" class=\"size-medium wp-image-243 aligncenter\" src=\"https:\/\/nalua.in\/notas\/wp-content\/uploads\/2023\/03\/334845-221x300.webp\" alt=\"\" width=\"221\" height=\"300\" \/><\/td>\n<td style=\"width: 50%;\"><img loading=\"lazy\" decoding=\"async\" class=\"size-medium wp-image-244 aligncenter\" src=\"https:\/\/nalua.in\/notas\/wp-content\/uploads\/2023\/03\/Livro-Ebook-gratuito-estilo-moderno-amarelo-branco-1-300x300.png\" alt=\"\" width=\"300\" height=\"300\" \/><\/td>\n<\/tr>\n<\/tbody>\n<\/table>\n<p>&nbsp;<\/p>\n<table style=\"border-collapse: collapse; width: 100%;\">\n<tbody>\n<tr>\n<td style=\"width: 50%;\">\n<h4 style=\"text-align: center;\"><strong>Filme &#8211; Milagre em Mil\u00e3o<\/strong><\/h4>\n<p>&#8220;Miracle in Milan&#8221; (1951) \u00e9 um cl\u00e1ssico filme italiano dirigido por Vittorio De Sica. O filme conta a hist\u00f3ria de Toto, um \u00f3rf\u00e3o de cora\u00e7\u00e3o bondoso e inocente que \u00e9 criado em uma \u00e1rea pobre de Mil\u00e3o. Um dia, Toto descobre uma pomba m\u00e1gica que lhe d\u00e1 o poder de conceder desejos. Com esse novo poder, Toto sai em busca de ajudar os pobres e oprimidos em sua comunidade.<\/p>\n<p>O filme \u00e9 uma mistura encantadora de fantasia, humor e coment\u00e1rio social. A dire\u00e7\u00e3o de De Sica \u00e9 magistral e ele consegue criar um mundo l\u00fadico e encantador que parece tanto m\u00e1gico quanto enraizado na realidade.\u00a0As performances tamb\u00e9m s\u00e3o not\u00e1veis, especialmente a de Francesco Golisano, que interpreta Toto com uma inoc\u00eancia e charme que \u00e9 dif\u00edcil de resistir. A performance de Golisano captura perfeitamente a bondade e generosidade do personagem, tornando-o um protagonista ador\u00e1vel. Toto \u00e9 o pr\u00f3prio Valete de Copas, trazendo sempre uma coisa boa consigo e sempre ancorado na esperan\u00e7a. Acho que \u00e9 o personagem mais afim com essa carta que j\u00e1 vi.<\/p>\n<p>O filme \u00e9 tamb\u00e9m uma cr\u00edtica ao sistema capitalista e sua incapacidade de prover para os pobres e marginalizados. O filme de De Sica \u00e9 um apelo \u00e0 compaix\u00e3o e empatia, argumentando que somente por meio da bondade e generosidade a sociedade pode alcan\u00e7ar verdadeira felicidade e realiza\u00e7\u00e3o.<\/p>\n<p>&#8220;Milagre em Mil\u00e3o&#8221; \u00e9 um filme encantador e delicioso que consegue ser entretenimento e provoca\u00e7\u00e3o. Com sua mistura de fantasia e cr\u00edtica social, o filme \u00e9 um testemunho do talento de De Sica como diretor e contador de hist\u00f3rias. Qualquer pessoa interessada em cinema cl\u00e1ssico ou quest\u00f5es sociais definitivamente deveria conferir este filme.<\/p>\n<p>Est\u00e1 dispon\u00edvel no Amazon Prime<\/td>\n<td style=\"width: 50%; text-align: center;\">\n<h4><strong>Livro &#8211; Flores para Algernon<\/strong><\/h4>\n<div class=\"flex-1 overflow-hidden\">\n<div class=\"react-scroll-to-bottom--css-bsfmd-79elbk h-full dark:bg-gray-800\">\n<div class=\"react-scroll-to-bottom--css-bsfmd-1n7m0yu\">\n<div class=\"flex flex-col items-center text-sm dark:bg-gray-800\">\n<div class=\"w-full border-b border-black\/10 dark:border-gray-900\/50 text-gray-800 dark:text-gray-100 group bg-gray-50 dark:bg-[#444654]\">\n<div class=\"text-base gap-4 md:gap-6 m-auto md:max-w-2xl lg:max-w-2xl xl:max-w-3xl p-4 md:py-6 flex lg:px-0\">\n<div class=\"relative flex w-[calc(100%-50px)] flex-col gap-1 md:gap-3 lg:w-[calc(100%-115px)]\">\n<div class=\"flex flex-grow flex-col gap-3\">\n<div class=\"min-h-[20px] flex flex-col items-start gap-4 whitespace-pre-wrap\">\n<div class=\"markdown prose w-full break-words dark:prose-invert light\">\n<p style=\"text-align: justify;\">Flores para Algernon&#8221;, escrito por Daniel Keyes, \u00e9 um romance emocionante e impactante que explora as complexidades da intelig\u00eancia, da amizade e da natureza humana. O livro conta a hist\u00f3ria de Charlie Gordon, um homem com defici\u00eancia intelectual que se torna o sujeito de um experimento cient\u00edfico destinado a aumentar sua intelig\u00eancia.<\/p>\n<p style=\"text-align: justify;\">\u00c0 medida que a hist\u00f3ria avan\u00e7a, Charlie passa por uma transforma\u00e7\u00e3o not\u00e1vel, deixando para tr\u00e1s a ignor\u00e2ncia e a inoc\u00eancia de sua antiga vida para se tornar um g\u00eanio. No entanto, a jornada de Charlie \u00e9 marcada por altos e baixos, e ele enfrenta desafios significativos ao tentar se adaptar a uma vida que se tornou extremamente complexa e solit\u00e1ria.<\/p>\n<p style=\"text-align: justify;\">Keyes habilmente explora temas como preconceito, discrimina\u00e7\u00e3o e a import\u00e2ncia da amizade e do amor em nossas vidas. Atrav\u00e9s da jornada de Charlie, o autor mostra como a intelig\u00eancia n\u00e3o \u00e9 uma panaceia para todos os nossos problemas, e que a verdadeira felicidade e realiza\u00e7\u00e3o s\u00f3 podem ser alcan\u00e7adas atrav\u00e9s do amor e da conex\u00e3o humana.<\/p>\n<p style=\"text-align: justify;\">A narrativa \u00e9 contada atrav\u00e9s dos di\u00e1rios que Charlie escreve ao longo de sua transforma\u00e7\u00e3o, o que nos permite entrar em sua mente e acompanhar seu processo de desenvolvimento intelectual e emocional. A escrita de Keyes \u00e9 cativante e emocionante, e sua habilidade de capturar a voz e a perspectiva de Charlie \u00e9 not\u00e1vel.<\/p>\n<p style=\"text-align: justify;\">Em suma, &#8220;Flores para Algernon&#8221; \u00e9 um romance inspirador e comovente que oferece uma vis\u00e3o profunda sobre a natureza humana e a import\u00e2ncia da empatia e do amor. \u00c9 uma leitura altamente recomendada para qualquer pessoa que esteja interessada em explorar a complexidade da mente humana e os desafios que enfrentamos ao tentar nos conectar uns com os outros.<\/p>\n<\/div>\n<\/div>\n<\/div>\n<div class=\"flex justify-between\">\n<div class=\"text-gray-400 flex self-end lg:self-center justify-center mt-2 gap-3 md:gap-4 lg:gap-1 lg:absolute lg:top-0 lg:translate-x-full lg:right-0 lg:mt-0 lg:pl-2 visible\"><\/div>\n<\/div>\n<\/div>\n<\/div>\n<\/div>\n<div class=\"w-full h-32 md:h-48 flex-shrink-0\"><\/div>\n<\/div>\n<\/div>\n<\/div>\n<\/div>\n<div class=\"absolute bottom-0 left-0 w-full border-t md:border-t-0 dark:border-white\/20 md:border-transparent md:dark:border-transparent md:bg-vert-light-gradient bg-white dark:bg-gray-800 md:!bg-transparent dark:md:bg-vert-dark-gradient\">\n<form class=\"stretch mx-2 flex flex-row gap-3 pt-2 last:mb-2 md:last:mb-6 lg:mx-auto lg:max-w-3xl lg:pt-6\">\n<div class=\"relative flex h-full flex-1 md:flex-col\">\n<div class=\"flex ml-1 mt-1.5 md:w-full md:m-auto md:mb-2 gap-0 md:gap-2 justify-center\"><\/div>\n<\/div>\n<\/form>\n<\/div>\n<\/td>\n<\/tr>\n<\/tbody>\n<\/table>\n<pre style=\"text-align: center;\"><\/pre>\n<table style=\"border-collapse: collapse; width: 100%;\">\n<tbody>\n<tr>\n<td style=\"width: 50%;\"><img loading=\"lazy\" decoding=\"async\" class=\"size-medium wp-image-247 aligncenter\" src=\"https:\/\/nalua.in\/notas\/wp-content\/uploads\/2023\/03\/annewithep-203x300.jpg\" alt=\"\" width=\"203\" height=\"300\" \/><\/td>\n<td style=\"width: 50%;\"><img loading=\"lazy\" decoding=\"async\" class=\"size-medium wp-image-248 aligncenter\" src=\"https:\/\/nalua.in\/notas\/wp-content\/uploads\/2023\/03\/20130709080051412831o-213x300.jpg\" alt=\"\" width=\"213\" height=\"300\" \/><\/td>\n<\/tr>\n<\/tbody>\n<\/table>\n<hr \/>\n<table style=\"border-collapse: collapse; width: 100%;\">\n<tbody>\n<tr>\n<td style=\"width: 50%; text-align: center;\">\n<p style=\"text-align: center;\"><strong>S\u00e9rie &#8211; Anne with an &#8220;E&#8221;<\/strong><\/p>\n<p style=\"text-align: justify;\">&#8220;Anne with an E&#8221; \u00e9 uma s\u00e9rie de televis\u00e3o canadense que foi exibida originalmente na CBC Television e na Netflix. A s\u00e9rie \u00e9 baseada no livro cl\u00e1ssico &#8220;Anne de Green Gables&#8221;, de L.M. Montgomery, e segue as aventuras da \u00f3rf\u00e3 Anne Shirley (interpretada por Amybeth McNulty) em sua jornada para encontrar uma fam\u00edlia amorosa e um lar em Avonlea, uma cidade fict\u00edcia da Ilha do Pr\u00edncipe Eduardo, no Canad\u00e1.<\/p>\n<p style=\"text-align: justify;\">A personagem principal, Anne, \u00e9 a personifica\u00e7\u00e3o do Valete de Copas. Ela \u00e9 jovem, sonhadora, cheia de boas inten\u00e7\u00f5es, adora levar coisas e not\u00edcias boas para toda sua aldeia. Cresceu em condi\u00e7\u00f5es adversas, mas nunca perdeu o otimismo, a f\u00e9 no amor e em um mundo melhor.<\/p>\n<p style=\"text-align: justify;\">A s\u00e9rie \u00e9 reconhecida por sua produ\u00e7\u00e3o visual impressionante e pelos desempenhos excepcionais do elenco, especialmente de McNulty.<\/p>\n<p style=\"text-align: justify;\">Embora a s\u00e9rie aborde temas como amor, amizade, fam\u00edlia, identidade e igualdade de g\u00eanero, tamb\u00e9m aborda quest\u00f5es sociais e pol\u00edticas, como racismo, homofobia e exclus\u00e3o social. A s\u00e9rie apresenta personagens bem constru\u00eddos e diversos, com diferentes origens e identidades, proporcionando uma experi\u00eancia enriquecedora para o espectador.<\/p>\n<p style=\"text-align: justify;\">Nesta semana vale \u00e0 pena assistir pelo menos \u00e0 primeira temporada da s\u00e9rie, e perceber o Valete de Copas em pleno movimento e a\u00e7\u00e3o.<\/p>\n<p>&nbsp;<\/p>\n<p>\u2764<\/td>\n<td style=\"width: 50%;\">\n<p style=\"text-align: center;\"><strong>M\u00fasica &#8211; Uma Outra Can\u00e7\u00e3o de Amor &#8211; Sueli Costa<\/strong><\/p>\n<p>Anteontem morreu Sueli Costa. Um compositora magn\u00edfica, autora de m\u00fasicas que est\u00e3o nas cabe\u00e7as e hist\u00f3rias de quase todos os brasileiros. Mas que, como muitos artistas neste pa\u00eds ingrato, n\u00e3o foi valorizada.<\/p>\n<p>Deixo aqui uma letra dessa compositora que est\u00e1 muito relacionada aos or\u00e1culos desta semana Uma m\u00fasica linda que mostra a doce energia impermanente do amor.<\/p>\n<p style=\"text-align: right;\"><em>Chuva, chuva\/Flama do nosso amor<\/em><br \/>\n<em>Me chama meu amor\/Me ama, meu amor<\/em><br \/>\n<em>Se n\u00e3o eu vou morrer\/Meu corpo vai morrer<\/em><br \/>\n<em>Minha alma vai morrer\/Na chama do nosso amor<\/em><br \/>\n<em>Docemente, navega o cora\u00e7\u00e3o\/Sem dizer sim, nem n\u00e3o<\/em><br \/>\n<em>Quase mais nada, sente\/Logo vai se entregar<\/em><br \/>\n<em>Quando chegar ao mar\/Parar de pulsar<\/em><br \/>\n<em>Calar\/<\/em><em>E o d\u00f3cil ser\/O jantar dos grandes<\/em><br \/>\n<em>Peixes, at\u00e9 quando enfim\/Satisfeitos, aos menores irm\u00e3os<\/em><br \/>\n<em>Me deixem nua\/Ent\u00e3o todas as pequenas criaturas<\/em><br \/>\n<em>Desse mundo\/<\/em><em>Beberam\/A chuva<\/em><br \/>\n<em>Flama do nosso amor\/Me chama meu amado<\/em><br \/>\n<em>Me ama, bem amada\/Se n\u00e3o eu vou morrer<\/em><br \/>\n<em>Meu corpo vai morrer\/Minha alma vai morrer<\/em><br \/>\n<em>Queimando-se\/Na chama do nosso amor<\/em><br \/>\n<em>Oh vem, oh vem\/Depressa amor<\/em><br \/>\n<em>Oh vem, oh vem\/Chuva, chuva<\/em><br \/>\n<em>Flama do nosso amor<\/em><\/p>\n<p>&nbsp;<\/td>\n<\/tr>\n<\/tbody>\n<\/table>\n<hr \/>\n<h3 style=\"text-align: center;\"><strong>Links<\/strong><\/h3>\n<p style=\"text-align: center;\"><a href=\"https:\/\/telegra.ph\/Por-que-o-Brasil-tem-a-popula%C3%A7%C3%A3o-mais-ansiosa-do-mundo-03-02\" target=\"_blank\" rel=\"noopener\">O brasileiro n\u00e3o lida bem com a imperman\u00eancia<\/a><\/p>\n<p style=\"text-align: center;\"><a href=\"https:\/\/telegra.ph\/Sa%C3%BAde-nos-EUA-03-03\" target=\"_blank\" rel=\"noopener\">E os EUA n\u00e3o ligam para a imperman\u00eancia dos seus<\/a><\/p>\n<p>&nbsp;<\/p>\n<hr \/>\n<table style=\"width: 100%; border-collapse: collapse; background-color: #7ecde6;\">\n<tbody>\n<tr>\n<td style=\"width: 100%; text-align: center;\"><em><strong><span style=\"font-family: 'trebuchet ms', geneva, sans-serif;\">&#8220;Rosto rosado de manh\u00e3, ossos brancos de noite.&#8221;<\/span><\/strong><\/em><br \/>\n<span style=\"font-size: 12pt;\"><strong><span style=\"font-family: 'trebuchet ms', geneva, sans-serif;\">Prov\u00e9rbio Japon\u00eas<\/span><\/strong><\/span><\/td>\n<\/tr>\n<\/tbody>\n<\/table>\n<hr \/>\n<p style=\"text-align: center;\"><iframe loading=\"lazy\" title=\"YouTube video player\" src=\"https:\/\/www.youtube.com\/embed\/2YkZmzAgfuA\" width=\"560\" height=\"315\" frameborder=\"0\" allowfullscreen=\"allowfullscreen\"><\/iframe><\/p>\n<p style=\"text-align: center;\">Uma m\u00fasica que parece fofa mas \u00e9 pura imperman\u00eancia<\/p>\n<hr \/>\n<p style=\"text-align: center;\">Post com colabora\u00e7\u00e3o de <a href=\"https:\/\/www.instagram.com\/laismeralda\/\" target=\"_blank\" rel=\"noopener\">@laismeralda<\/a><\/p>\n<hr \/>\n<p style=\"text-align: center;\"><em>Se voc\u00ea leu at\u00e9 aqui, obrigada! Esse \u00e9 o meu almanaque particular. Um peda\u00e7o do meu di\u00e1rio, um registro de pequenas efem\u00e9rides, de coisas que quero guardar, do tempo, do vento, do c\u00e9u e do cheiro da chuva. Os Vest\u00edgios do Dia, meu dia.<\/em><\/p>\n<p>&nbsp;<\/p>\n<table style=\"width: 100%; border-collapse: collapse; background-color: #f5c4d3;\">\n<tbody>\n<tr>\n<td style=\"width: 100%;\">\n<p style=\"text-align: center;\"><span style=\"font-family: 'book antiqua', palatino, serif;\"><span style=\"font-size: 12pt;\">\u00a9 Nalua \u2013 Notas da vida comezinha, n<\/span><span style=\"font-size: 12pt;\">as Colinas de Minas Gerais, no auge do ver\u00e3o e um calor\u00e3o danado<\/span><\/span><\/p>\n<\/td>\n<\/tr>\n<\/tbody>\n<\/table>\n","protected":false},"excerpt":{"rendered":"<p>deixe um coment\u00e1rio Belo Horizonte,\u00a0 5 de mar\u00e7o de 2023\u00a0\u263c 31\u00b0 &#8211; 18\u00b0 Um dia depois do anivers\u00e1rio da M\u00e1rcia. Anivers\u00e1rio do Pasolini. Em 1936 [&#8230;]<\/p>\n","protected":false},"author":1,"featured_media":0,"comment_status":"open","ping_status":"open","sticky":false,"template":"","format":"standard","meta":{"footnotes":""},"categories":[5,6,4,3,7],"tags":[],"class_list":["post-38","post","type-post","status-publish","format-standard","hentry","category-almanaque","category-carta-semanal","category-jardim","category-newsletter","category-oraculo"],"_links":{"self":[{"href":"https:\/\/nalu.in\/almanaque\/wp-json\/wp\/v2\/posts\/38","targetHints":{"allow":["GET"]}}],"collection":[{"href":"https:\/\/nalu.in\/almanaque\/wp-json\/wp\/v2\/posts"}],"about":[{"href":"https:\/\/nalu.in\/almanaque\/wp-json\/wp\/v2\/types\/post"}],"author":[{"embeddable":true,"href":"https:\/\/nalu.in\/almanaque\/wp-json\/wp\/v2\/users\/1"}],"replies":[{"embeddable":true,"href":"https:\/\/nalu.in\/almanaque\/wp-json\/wp\/v2\/comments?post=38"}],"version-history":[{"count":13,"href":"https:\/\/nalu.in\/almanaque\/wp-json\/wp\/v2\/posts\/38\/revisions"}],"predecessor-version":[{"id":67,"href":"https:\/\/nalu.in\/almanaque\/wp-json\/wp\/v2\/posts\/38\/revisions\/67"}],"wp:attachment":[{"href":"https:\/\/nalu.in\/almanaque\/wp-json\/wp\/v2\/media?parent=38"}],"wp:term":[{"taxonomy":"category","embeddable":true,"href":"https:\/\/nalu.in\/almanaque\/wp-json\/wp\/v2\/categories?post=38"},{"taxonomy":"post_tag","embeddable":true,"href":"https:\/\/nalu.in\/almanaque\/wp-json\/wp\/v2\/tags?post=38"}],"curies":[{"name":"wp","href":"https:\/\/api.w.org\/{rel}","templated":true}]}}