{"id":68,"date":"2023-03-12T19:34:15","date_gmt":"2023-03-12T19:34:15","guid":{"rendered":"https:\/\/nalu.in\/almanaque\/?p=68"},"modified":"2023-03-13T20:11:51","modified_gmt":"2023-03-13T20:11:51","slug":"vai-que-amanha-enfeitaremos-o-seu-fim","status":"publish","type":"post","link":"https:\/\/nalu.in\/almanaque\/vai-que-amanha-enfeitaremos-o-seu-fim\/","title":{"rendered":""},"content":{"rendered":"<p style=\"text-align: center;\"><a href=\"https:\/\/nalu.in\/almanaque\/eu-e-as-flores.html\" target=\"_blank\" rel=\"noopener\"><span style=\"font-size: 8pt;\">Vai que amanh\u00e3 enfeitaremos o seu fim*<\/span><\/a><br \/>\n<a href=\"https:\/\/nalu.in\/almanaque\/vai-que-amanha-enfeitaremos-o-seu-fim\/\"><img loading=\"lazy\" decoding=\"async\" class=\"aligncenter wp-image-157 size-full\" src=\"https:\/\/nalua.in\/notas\/wp-content\/uploads\/2023\/02\/almanaque.jpg\" alt=\"\" width=\"1200\" height=\"300\" \/><\/a><\/p>\n<hr \/>\n<p style=\"text-align: center;\"><strong>Belo Horizonte, 12 de mar\u00e7o de 2023<\/strong> \u263c <strong>29\u00b0 \u2013 19\u00b0<\/strong><\/p>\n<p style=\"text-align: justify;\">Dia do Bibliotec\u00e1rio, anivers\u00e1rio de Recife, (uma cidade que sou louca para conhecer). Neste dia em 1945, Anne Frank morre no campo de exterm\u00ednio nazista de Bergen-Belsen. Em 1894 a Coca-cola \u00e9 vendida em garrafas pela primeira vez no Mississipi. Em 1918 Moscou volta a ser a capital da R\u00fassia. Em 1968 as Ilhas Maur\u00edcio ficam independentes.<\/p>\n<hr \/>\n<p style=\"text-align: center;\"><em>Tudo o que eu queria<\/em><br \/>\n<em>Era para sempre<\/em><br \/>\n<em>esse eterno deslumbramento<\/em><br \/>\n<em>de p\u00e1ssaro aprendendo o voo<\/em><br \/>\n<em>de rio aprendendo a montanha<\/em><br \/>\n<em>Tudo o que eu queria<\/em><br \/>\n<em>era para sempre<\/em><br \/>\n<em>esse f\u00f4lego, esse brilho<\/em><br \/>\n<em>esse abra\u00e7ar o mundo<\/em><br \/>\n<em>como se o mundo fosse um filho<\/em><br \/>\n<em>e coubesse entre os bra\u00e7os.<\/em><br \/>\n\u2764\ufe0f<br \/>\nRoseana Murray<\/p>\n<hr \/>\n<p style=\"text-align: center;\"><strong>Neste dia, em Londres, Inglaterra, em 1918, escrevia Virg\u00ednia Woolf em seu di\u00e1rio:<\/strong><\/p>\n<p style=\"text-align: justify;\"><em>Aqui v\u00e3o alguns fatos. Escolhi me sentar num banco \u00e0 sombra em Kew; vi duas borboletas n\u00easperas; salgueiros, a\u00e7afr\u00f5es, cilas, todos ou em bot\u00f5es ou desabrochando. As roupas pretas parecem mortalhas empoeiradas. Quanto \u00e0s peles, fazem-nos rir. N\u00f3s nos encontramos em Kew.<\/em><br \/>\n<em>Posso dizer que fui \u201crejeitada pelo Times\u201d. Para aumentar ainda mais a dor dessa ferida, L. recebeu dois livros do Nation. \u00c9 a segunda semana da minha rejei\u00e7\u00e3o; &amp; como resultado isso me faz escrever meu romance num ritmo impressionante. Se eu continuar dispensada, devo termin\u00e1-lo em um m\u00eas ou dois. Come\u00e7a a se tornar bastante absorvente. N\u00f3s dois percebemos que nos \u00faltimos tempos estamos escrevendo num ritmo terr\u00edvel: L. 40.000 palavras &amp; ainda nem tocou no livro em si; eu j\u00e1 passei &amp; muito as 100.000\u2026<\/em><\/p>\n<p>VIRGINIA WOOLF \u2013 DI\u00c1RIO I \u2013 1915- 1918<\/p>\n<hr \/>\n<h3 style=\"text-align: center;\"><strong>Or\u00e1culos da Semana<\/strong><\/h3>\n<p style=\"text-align: justify;\">J\u00e1 est\u00e1 claro que a vida n\u00e3o \u00e9 justa. Que a vida em si n\u00e3o se importa com a exist\u00eancia individual. J\u00e1 est\u00e1 estabelecido que a vida vai maltratar, vai pisar e vai destruir muitos sonhos.<\/p>\n<p style=\"text-align: justify;\">Mas \u00e9 certo que a vida tamb\u00e9m \u00e9 cheia de beleza. Cheia de alegria, de encontros, de do\u00e7ura, de deslumbramento. E as cartas que chegam nestes dias contam desse lado da vida. A parte doce, feliz, a banda luminosa. \u00c9 tempo de fazer, de come\u00e7ar. De colocar a roda para girar.<\/p>\n<p style=\"text-align: justify;\">A semana passada tamb\u00e9m trouxe uma carta favor\u00e1vel aos come\u00e7os. Nessa semana os ventos continuam soprando na dire\u00e7\u00e3o da iniciativa.\u00a0\u00a0Os or\u00e1culos est\u00e3o falando. Preste aten\u00e7\u00e3o, as cartas est\u00e3o contando uma hist\u00f3ria. Uma hist\u00f3ria muito pessoal, uma hist\u00f3ria que s\u00f3 voc\u00ea pode interpretar e dar significado. \u00c9 um recadinho para que voc\u00ea reescreva que quiser, o que puder. As 3 \u00faltimas cartas falaram disso. Que \u00e9 poss\u00edvel recome\u00e7ar algo. N\u00e3o se trata de milagres, de coisas imposs\u00edveis ou grandiosas. Nem de nada que vai cair do c\u00e9u. As cartas v\u00eam contando que o que \u00e9 poss\u00edvel \u00e9 poss\u00edvel, <em>n\u00e3o transforme at\u00e9 isso no imposs\u00edvel<\/em>.<\/p>\n<p style=\"text-align: justify;\">Entregue-se, mova-se, comece algo. \u00c9 s\u00f3 isso. Por ora.<\/p>\n<hr \/>\n<table style=\"width: 100%; border-collapse: collapse; background-color: #f0adc9;\">\n<tbody>\n<tr>\n<td style=\"width: 100%;\">\n<h3 style=\"font-family: var(--heading--font-family); font-weight: var(--heading--font-weight); font-size: var(--heading--font-size-h3); letter-spacing: normal; line-height: var(--heading--line-height-h3); text-align: center;\"><span style=\"color: #ffffff;\">\u00c1s de Paus<\/span><\/h3>\n<p><img loading=\"lazy\" decoding=\"async\" class=\"size-full wp-image-275 aligncenter\" src=\"https:\/\/nalua.in\/notas\/wp-content\/uploads\/2023\/03\/aceofwandsaip.jpg\" alt=\"\" width=\"300\" height=\"519\" \/><\/td>\n<\/tr>\n<\/tbody>\n<\/table>\n<p style=\"text-align: justify;\">O \u00c1s de paus \u00e9 uma carta do Tar\u00f4 que irradia energia e vitalidade. \u00c9 s\u00edmbolo de pot\u00eancia, de novos come\u00e7os e de conquistas. Representa a chama da vida, o fogo da paix\u00e3o que move o ser em dire\u00e7\u00e3o aos desejos e conquistas. Seu brilho lembra que \u00e9 poss\u00edvel alcan\u00e7ar alguns objetivos com uma boa dose de determina\u00e7\u00e3o e coragem. Esta carta \u00e9 um convite para a conex\u00e3o com a chama interior e para uma a\u00e7\u00e3o confiante e assertiva. Ela fala que a vida \u00e9 uma aventura, cheia de desafios e oportunidades, e que \u00e9 o momento de agir com entusiasmo e alegria. Outra vez \u00e9 um momento favor\u00e1vel para agarrar. Agora \u00e9 preciso agarrar as oportunidades, deixar Kair\u00f3s agir.<\/p>\n<p style=\"text-align: justify;\">Ao mesmo tempo, essa carta alerta para a necessidade de equil\u00edbrio e modera\u00e7\u00e3o. O fogo que queima dentro tamb\u00e9m pode consumir se n\u00e3o for vigiado de perto. \u00c9 preciso usar a sabedoria e o cuidado, e n\u00e3o se deixar levar por um impulso ou imprud\u00eancia. O \u00c1s de paus \u00e9 uma carta que convida a explorar a for\u00e7a interior, acreditar por um instante nos sonhos e sair em busca de aventuras. Isso deve ser feito com prud\u00eancia, para que o fogo interior n\u00e3o se consuma em v\u00e3o. Tirar essa carta equivale a encontrar algo que ao mesmo tempo \u00e9 um tesouro e um talism\u00e3. \u00c9 um golpe de sorte se deparar com uma prote\u00e7\u00e3o assim para toda a semana. \u00c9 bom aproveitar os bons ventos.<br \/>\nAquela frase popular que diz <em>seja voc\u00ea a mudan\u00e7a que voc\u00ea quer ver no mundo<\/em> \u00e9 uma frase muito prop\u00edcia para uma semana regida pelo \u00c1s Paus. Aproveite a for\u00e7a de d\u00ednamo desse arcano. \u00c9 uma carta de fogo, vitalidade, disposi\u00e7\u00e3o e novas chegadas, <em>\u00e9 o momento de voc\u00ea organizar a sua festa interior e colocar sua melhor roupa colorida<\/em>.<\/p>\n<hr \/>\n<table style=\"width: 100%; border-collapse: collapse; background-color: #99caf2;\">\n<tbody>\n<tr>\n<td style=\"width: 100%; text-align: center;\"><span style=\"color: #ffffff;\"><img loading=\"lazy\" decoding=\"async\" class=\"size-full wp-image-276 aligncenter\" src=\"https:\/\/nalua.in\/notas\/wp-content\/uploads\/2023\/03\/entregaoraculodopaop.jpeg\" alt=\"\" width=\"300\" height=\"462\" \/><\/span><br \/>\n<strong><span style=\"color: #ffffff;\">Confiar. Render-se. Abandonar-se<\/span><\/strong><br \/>\n<strong><span style=\"color: #ffffff;\">ao amor maior. Soltar o controle.<\/span><\/strong><br \/>\n<strong><span style=\"color: #ffffff;\">Compreender que, muitas vezes,<\/span><\/strong><br \/>\n<strong><span style=\"color: #ffffff;\">simplesmente n\u00e3o depende s\u00f3 de n\u00f3s<\/span><\/strong><br \/>\n<strong><span style=\"color: #ffffff;\">Permitir-se receber.<\/span><\/strong><br \/>\n<strong><span style=\"color: #ffffff;\">Ben\u00e7\u00e3os. Gra\u00e7as. Permitir-se ao milagre.<\/span><\/strong><\/td>\n<\/tr>\n<\/tbody>\n<\/table>\n<p style=\"text-align: center;\"><span style=\"font-size: 18pt; color: #ffffff;\">\u2663<\/span><\/p>\n<p style=\"text-align: center;\"><span style=\"color: #ffffff;\">Do Or\u00e1culo do P\u00e3o<\/span><\/p>\n<hr \/>\n<h4 style=\"text-align: center;\"><strong>Um texto para orientar a semana de p\u00e3o e fogo<\/strong><\/h4>\n<p style=\"text-align: center;\"><strong>N\u00c3O MORRER POR SORTE<\/strong><\/p>\n<p style=\"text-align: center;\"><em>Nasrudin viu um vulto branco no jardim. Sorrateiramente empunhou o seu arco e atingiu-o com uma flecha certeira.<\/em><br \/>\n<em>Saiu para ver e voltou l\u00edvido.<\/em><br \/>\n<em>A mulher pergunta:<\/em><br \/>\n<em>&#8211; O que aconteceu, Nasrudin?<\/em><br \/>\n<em>&#8211; Foi por pouco. Imagine que acertei bem no cora\u00e7\u00e3o da camisa branca que estava a secar. Se eu estivesse nela, j\u00e1 teria morrido.\u201d<\/em><\/p>\n<hr \/>\n<h3 style=\"text-align: center;\"><strong>Ler &amp; Ouvir &amp; Ver &amp; Pensar<\/strong><\/h3>\n<hr \/>\n<table style=\"border-collapse: collapse; width: 100%;\">\n<tbody>\n<tr>\n<td style=\"width: 50%;\"><img loading=\"lazy\" decoding=\"async\" class=\"size-full wp-image-277 aligncenter\" src=\"https:\/\/nalua.in\/notas\/wp-content\/uploads\/2023\/03\/aidasantosp.jpg\" alt=\"\" width=\"300\" height=\"434\" \/><\/td>\n<td style=\"width: 50%;\"><img loading=\"lazy\" decoding=\"async\" class=\"size-full wp-image-273 aligncenter\" src=\"https:\/\/nalua.in\/notas\/wp-content\/uploads\/2023\/03\/madamcjwalker.jpg\" alt=\"\" width=\"300\" height=\"400\" \/><\/td>\n<\/tr>\n<\/tbody>\n<\/table>\n<table style=\"border-collapse: collapse; width: 100%;\">\n<tbody>\n<tr>\n<td style=\"width: 50%;\" width=\"50%\"><strong>Document\u00e1rio &#8211; A\u00edda dos Santos, uma mulher de garra<\/strong><\/p>\n<p style=\"text-align: justify;\"><span style=\"color: #008000;\"><em>Por favor, assistam esse document\u00e1rio! Devia ser obrigat\u00f3rio nas escolas. A\u00edda dos Santos \u00e9 a personifica\u00e7\u00e3o da carta do \u00c1s de Paus, e tem uma hist\u00f3ria linda. E ao mesmo tempo, \u00e9 uma hist\u00f3ria muito, mas muito t\u00edpica desse pa\u00eds ingrato em que vivemos. A hist\u00f3ria dessa atleta \u00e9 quase inacredit\u00e1vel e nos enche de uma profunda indigna\u00e7\u00e3o e tamb\u00e9m de uma profunda admira\u00e7\u00e3o.\u00a0<\/em><\/span><\/p>\n<hr \/>\n<p style=\"text-align: justify;\"><strong>Conhe\u00e7a um pouco da hist\u00f3ria de uma das hero\u00ednas do esporte ol\u00edmpico<\/strong><\/p>\n<p style=\"text-align: justify;\"><em>Mem\u00f3ria do Esporte Ol\u00edmpico Brasileiro<\/em><\/p>\n<p style=\"text-align: justify;\">A\u00edda dos Santos, marcou hist\u00f3ria no atletismo nacional. \u00danica mulher da delega\u00e7\u00e3o brasileira nas Ol\u00edmpiadas de T\u00f3quio, em 1964, sem nenhum apoio, treinador, t\u00eanis e at\u00e9 uniforme pr\u00f3prio, a carioca de 77 anos de idade entrou para a hist\u00f3ria conquistando o quarto lugar no salto em altura naquele ano.<\/p>\n<p style=\"text-align: justify;\">Mesmo sem nenhuma estrutura, A\u00cdda teve o melhor desempenho de uma brasileira na hist\u00f3ria dos Jogos at\u00e9 as Olimp\u00edadas de Atlanta, em 1996, quando as atletas Jacqueline e Sandra conquistaram a medalha de ouro no v\u00f4lei de praia.<\/p>\n<p style=\"text-align: justify;\">Esse document\u00e1rio resgata a mem\u00f3ria dessa saltadora e sua epopeia ol\u00edmpica.<\/p>\n<p style=\"text-align: justify;\">Produtora: Digim\u00eddia Recursos Digitais Ltda.<\/p>\n<p style=\"text-align: justify;\">Diretor: Andr\u00e9 Pupo e Ricardo Quintella<\/p>\n<p style=\"text-align: justify;\">Ano: 2012 Dura\u00e7\u00e3o: 26 minutos<\/p>\n<p style=\"text-align: justify;\">Formato: m\u00e9dia-metragem<\/p>\n<p style=\"text-align: justify;\">G\u00eanero: document\u00e1rio<\/p>\n<p style=\"text-align: justify;\">Categoria: Esportivo<\/p>\n<p><a href=\"https:\/\/vimeo.com\/177246948\" target=\"_blank\" rel=\"noopener\">Clique aqui para assistir<\/a><\/td>\n<td style=\"width: 50%;\"><strong>S\u00e9rie \u2013 A Vida e a Hist\u00f3ria de Madam CJ Walker<\/strong><\/p>\n<p style=\"text-align: justify;\">&#8220;A Vida e a Hist\u00f3ria de Madam CJ Walker&#8221; \u00e9 uma s\u00e9rie que narra a incr\u00edvel trajet\u00f3ria de uma das mulheres mais bem-sucedidas e empreendedoras da hist\u00f3ria dos Estados Unidos. A s\u00e9rie \u00e9 estrelada por Octavia Spencer, que interpreta o papel principal de Sarah Breedlove, uma mulher afro-americana que se tornou famosa por criar um imp\u00e9rio de produtos capilares para mulheres negras no in\u00edcio do s\u00e9culo XX.<\/p>\n<p style=\"text-align: justify;\">Sarah \u00e9 um outro \u00f3timo exemplo da combina\u00e7\u00e3o dos arcanos dessa semana. Uma pessoa que n\u00e3o teve medo de agarrar todas as oportunidades que passaram na sua frente e que se entregou a si mesma e aos seus sonhos e desejos.<\/p>\n<p style=\"text-align: justify;\">A s\u00e9rie \u00e9 baseada em fatos reais e conta desde a inf\u00e2ncia pobre de Sarah at\u00e9 sua ascens\u00e3o como uma das empres\u00e1rias mais ricas e influentes de sua \u00e9poca. Mostra como Sarah enfrentou obst\u00e1culos e discrimina\u00e7\u00e3o por ser uma mulher negra em um mundo dominado por homens brancos, e como ela sempre soube recome\u00e7ar.<\/p>\n<p style=\"text-align: justify;\">Um dos pontos fortes da s\u00e9rie \u00e9 a forma como ela retrata a complexa rela\u00e7\u00e3o entre Sarah e sua filha, interpretada por Tiffany Haddish. A filha \u00e9 uma figura controversa na hist\u00f3ria de Madam CJ Walker, e a s\u00e9rie explora as tens\u00f5es e conflitos entre m\u00e3e e filha de forma cuidadosa e emocionante.<\/p>\n<p style=\"text-align: justify;\">Al\u00e9m disso, a s\u00e9rie tamb\u00e9m aborda quest\u00f5es importantes como racismo, sexismo e desigualdade de g\u00eanero, mostrando como esses problemas afetaram a vida de Sarah e de outras mulheres negras na \u00e9poca.\u00a0Assistir a essa hist\u00f3ria pode ajudar a no impulso necess\u00e1rio para colocar as coisas em movimento essa semana.<\/p>\n<p>\u00c9 uma s\u00e9rie curta, e est\u00e1 dispon\u00edvel na Netflix<\/td>\n<\/tr>\n<\/tbody>\n<\/table>\n<p>&nbsp;<\/p>\n<table style=\"border-collapse: collapse; width: 100%;\">\n<tbody>\n<tr>\n<td style=\"width: 50%;\"><img loading=\"lazy\" decoding=\"async\" class=\"size-full wp-image-283 aligncenter\" src=\"https:\/\/nalua.in\/notas\/wp-content\/uploads\/2023\/03\/sociedadebatatap.jpg\" alt=\"\" width=\"300\" height=\"450\" \/><\/td>\n<td style=\"width: 50%;\"><img loading=\"lazy\" decoding=\"async\" class=\"size-full wp-image-272 aligncenter\" src=\"https:\/\/nalua.in\/notas\/wp-content\/uploads\/2023\/03\/Erin_Brockovich_poster.jpg\" alt=\"\" width=\"299\" height=\"443\" \/><\/td>\n<\/tr>\n<\/tbody>\n<\/table>\n<p>&nbsp;<\/p>\n<table style=\"border-collapse: collapse; width: 100%;\">\n<tbody>\n<tr>\n<td style=\"width: 50%;\">\n<h4><strong>Livro \u2013 A Sociedade Liter\u00e1ria e a Torta de Casca de Batata<\/strong><\/h4>\n<p style=\"text-align: justify;\">Um livro fofo, bem escrito, um sopro de vento fresco. Eu o escolhi porque fala de agarrar oportunidades, de aproveitar o tempo de Kair\u00f3s. Uma entrega sem hero\u00edsmo ou malabarismos, como \u00e9 aquela da qual fala o \u00e0s de paus.<\/p>\n<p style=\"text-align: justify;\">&#8220;A Sociedade Liter\u00e1ria e a Torta de Casca de Batata&#8221; \u00e9 um livro encantador escrito por Mary Ann Shaffer e sua sobrinha Annie Barrows. A hist\u00f3ria se passa na ilha de Guernsey, na costa da Inglaterra, logo ap\u00f3s o t\u00e9rmino da Segunda Guerra Mundial. \u00c9 contado atrav\u00e9s de cartas entre os personagens, o que adiciona um toque \u00fanico \u00e0 leitura.<\/p>\n<p style=\"text-align: justify;\">A protagonista, Juliet Ashton, \u00e9 uma escritora que est\u00e1 em busca de uma nova inspira\u00e7\u00e3o para seu pr\u00f3ximo livro. Ela recebe uma carta de um fazendeiro da ilha, Dawsey Adams, que encontrou seu nome em um livro que ele comprou. Dawsey faz parte de um grupo de leitura chamado Sociedade Liter\u00e1ria e a Torta de Casca de Batata, que se reuniu durante a guerra como uma forma de escapismo. Juliet se torna cada vez mais interessada na hist\u00f3ria desses indiv\u00edduos e na vida em Guernsey durante a ocupa\u00e7\u00e3o nazista.<\/p>\n<p style=\"text-align: justify;\">A hist\u00f3ria tem personagens \u00f3timos e tamb\u00e9m oferece um vislumbre da vida na ilha durante a guerra e da resist\u00eancia que os habitantes locais ofereceram contra os invasores.<\/p>\n<p style=\"text-align: justify;\">&#8220;A Sociedade Liter\u00e1ria e a Torta de Casca de Batata&#8221; \u00e9 uma leitura gostosa, emocionante e envolvente. \u00c9 um tributo \u00e0 for\u00e7a da amizade, da comunidade e do poder dos livros para unir as pessoas e inspir\u00e1-las. Recomendo este livro a todos que procuram uma leitura leve, mas significativa e que, com certeza, aquecer\u00e1 o cora\u00e7\u00e3o.<\/p>\n<\/td>\n<td style=\"width: 50%;\">\n<h4><strong>Filme \u2013 Erin Brockovich<\/strong><\/h4>\n<p style=\"text-align: justify;\">&#8220;Erin Brockovich &#8211; Uma Mulher de Talento&#8221; \u00e9 um filme baseado em fatos reais, dirigido por Steven Soderbergh e estrelado por Julia Roberts. O filme conta a hist\u00f3ria de Erin Brockovich, uma mulher determinada que luta contra uma grande corpora\u00e7\u00e3o que est\u00e1 envenenando a \u00e1gua de uma cidade californiana. Uma determina\u00e7\u00e3o com a energia do naipe de Paus. Erin \u00e9 outra mulher que teve iniciativa, garra e entrega. Esse \u00e9 o est\u00e1gio onde o Arcano da semana quer chegar. Na for\u00e7a de Erin. O \u00c1s de Paus sozinho n\u00e3o chegaria l\u00e1, mas \u00e9 onde ele almeja estar.<\/p>\n<p style=\"text-align: justify;\">A atua\u00e7\u00e3o de Julia Roberts como Erin Brockovich \u00e9 impressionante, e ela realmente incorpora a personalidade forte e obstinada da personagem. A hist\u00f3ria \u00e9 contada de forma envolvente e cativante, mantendo o espectador interessado e torcendo por Erin em cada passo de sua jornada.<\/p>\n<p style=\"text-align: justify;\">O filme aborda temas importantes como responsabilidade corporativa, polui\u00e7\u00e3o ambiental e o poder do indiv\u00edduo para fazer a diferen\u00e7a. Ele tamb\u00e9m aborda a luta de uma m\u00e3e solteira para sustentar seus filhos e alcan\u00e7ar seus objetivos, apesar de todas as adversidades.<\/p>\n<p style=\"text-align: justify;\">No geral, &#8220;Erin Brockovich &#8211; Uma Mulher de Talento&#8221; \u00e9 um filme inspirador que celebra a coragem, a determina\u00e7\u00e3o e o poder da perseveran\u00e7a. \u00c9 uma hist\u00f3ria cativante que mant\u00e9m o espectador interessado do come\u00e7o ao fim, e a atua\u00e7\u00e3o de Julia Roberts \u00e9 simplesmente brilhante. \u00c9 um filme imperd\u00edvel,\u00a0 ensina importantes li\u00e7\u00f5es sobre justi\u00e7a, equidade e resili\u00eancia.<\/p>\n<\/td>\n<\/tr>\n<\/tbody>\n<\/table>\n<hr \/>\n<h4 style=\"text-align: center;\"><strong>Links<\/strong><\/h4>\n<p style=\"text-align: center;\"><a href=\"https:\/\/www.printfriendly.com\/p\/g\/7h9wRM\" target=\"_blank\" rel=\"noopener\">A hist\u00f3ria dessas duas mulheres \u00e9 incr\u00edvel e o puro esp\u00edrito dos or\u00e1culos da semana<\/a><\/p>\n<p style=\"text-align: center;\"><a href=\"https:\/\/www.bbc.com\/portuguese\/articles\/c805rlkdjdwo\" target=\"_blank\" rel=\"noopener\">Um exemplo da a\u00e7\u00e3o de Kairos: a carta que levou 100 anos para chegar ao destino<\/a><\/p>\n<hr \/>\n<h4 style=\"text-align: center;\"><strong>Um mito grego para os or\u00e1culos da semana<\/strong><\/h4>\n<p style=\"text-align: center;\"><strong>Kair\u00f3s, o deus grego da Oportunidade.<\/strong><\/p>\n<p style=\"text-align: justify;\"><img loading=\"lazy\" decoding=\"async\" class=\"alignleft size-full wp-image-278\" src=\"https:\/\/nalua.in\/notas\/wp-content\/uploads\/2023\/03\/kairosp.png\" alt=\"\" width=\"157\" height=\"193\" \/>Kair\u00f3s \u00e9 o filho divino mais novo de Zeus, o deus dos deuses e Tikhe, a deusa da Fortuna. Kair\u00f3s era mais apropriadamente, um esp\u00edrito divino. Na mitologia grega personificava o momento oportuno, aquele que vem e passa rapidamente.<\/p>\n<p style=\"text-align: justify;\">Na l\u00edngua grega, existiam duas palavras para &#8220;tempo&#8221;: &#8220;chronos&#8221;, que se referia ao tempo linear e cronol\u00f3gico, e &#8220;kairos&#8221;, que se referia a um momento indefinido em que algo especial poderia acontecer. O equivalente romano para Kair\u00f3s era Tempus ou Occasio, e na tradi\u00e7\u00e3o latina, o equivalente era quase sempre uma deusa<\/p>\n<p style=\"text-align: justify;\">Kairos \u00e9 representado como um jovem com um tufo de cabelo na testa, e a nuca raspada, tendo asas nos p\u00e9s e ombros e que se move muito rapidamente. A nuca raspada e a mecha de cabelo na frente do rosto simbolizava a ideia de que a sorte s\u00f3 pode ser agarrada de frente, e pelos cabelos, pois assim que ela passa se torna inacess\u00edvel e nem mesmo Zeus pode agarr\u00e1-la. Kair\u00f3s \u00e9 o s\u00edmbolo do &#8220;breve momento em que as coisas s\u00e3o poss\u00edveis&#8221;. <em>Quando nada \u00e9 urgente, tudo \u00e9 presente.<\/em><\/p>\n<hr \/>\n<table style=\"width: 100%; border-collapse: collapse; background-color: #b6ddf0;\">\n<tbody>\n<tr>\n<td style=\"width: 100%; text-align: center;\"><strong><em>\u201cTr\u00eas coisas jamais podem ser recuperadas: a flecha lan\u00e7ada, a palavra dita e a oportunidade perdida.\u201d<\/em><\/strong><br \/>\n<span style=\"font-size: 10pt;\">Prov\u00e9rbio Chin\u00eas<\/span><\/td>\n<\/tr>\n<\/tbody>\n<\/table>\n<hr \/>\n<p style=\"text-align: center;\"><em>Se voc\u00ea leu at\u00e9 aqui, obrigada! Esse \u00e9 o meu almanaque particular. Um peda\u00e7o do meu di\u00e1rio, um registro de pequenas efem\u00e9rides, de coisas que quero guardar, do tempo, do vento, do c\u00e9u e do cheiro da chuva. Os Vest\u00edgios do Dia, meu dia.<\/em><\/p>\n<hr \/>\n<p style=\"text-align: center;\"><b>\u2663<\/b><\/p>\n<table style=\"width: 100%; border-collapse: collapse; background-color: #f5c4d3;\">\n<tbody>\n<tr>\n<td style=\"width: 100%;\">\n<p style=\"text-align: center;\"><span style=\"font-family: 'book antiqua', palatino, serif;\"><span style=\"font-size: 12pt;\">\u00a9 Nalua \u2013 Notas da vida comezinha, n<\/span><span style=\"font-size: 12pt;\">as Colinas de Minas Gerais, no auge do ver\u00e3o e um calor\u00e3o danado<\/span><\/span><\/p>\n<\/td>\n<\/tr>\n<\/tbody>\n<\/table>\n","protected":false},"excerpt":{"rendered":"<p>Vai que amanh\u00e3 enfeitaremos o seu fim* Belo Horizonte, 12 de mar\u00e7o de 2023 \u263c 29\u00b0 \u2013 19\u00b0 Dia do Bibliotec\u00e1rio, anivers\u00e1rio de Recife, (uma [&#8230;]<\/p>\n","protected":false},"author":1,"featured_media":0,"comment_status":"open","ping_status":"open","sticky":false,"template":"","format":"standard","meta":{"footnotes":""},"categories":[5,6,4,3,7],"tags":[],"class_list":["post-68","post","type-post","status-publish","format-standard","hentry","category-almanaque","category-carta-semanal","category-jardim","category-newsletter","category-oraculo"],"_links":{"self":[{"href":"https:\/\/nalu.in\/almanaque\/wp-json\/wp\/v2\/posts\/68","targetHints":{"allow":["GET"]}}],"collection":[{"href":"https:\/\/nalu.in\/almanaque\/wp-json\/wp\/v2\/posts"}],"about":[{"href":"https:\/\/nalu.in\/almanaque\/wp-json\/wp\/v2\/types\/post"}],"author":[{"embeddable":true,"href":"https:\/\/nalu.in\/almanaque\/wp-json\/wp\/v2\/users\/1"}],"replies":[{"embeddable":true,"href":"https:\/\/nalu.in\/almanaque\/wp-json\/wp\/v2\/comments?post=68"}],"version-history":[{"count":16,"href":"https:\/\/nalu.in\/almanaque\/wp-json\/wp\/v2\/posts\/68\/revisions"}],"predecessor-version":[{"id":86,"href":"https:\/\/nalu.in\/almanaque\/wp-json\/wp\/v2\/posts\/68\/revisions\/86"}],"wp:attachment":[{"href":"https:\/\/nalu.in\/almanaque\/wp-json\/wp\/v2\/media?parent=68"}],"wp:term":[{"taxonomy":"category","embeddable":true,"href":"https:\/\/nalu.in\/almanaque\/wp-json\/wp\/v2\/categories?post=68"},{"taxonomy":"post_tag","embeddable":true,"href":"https:\/\/nalu.in\/almanaque\/wp-json\/wp\/v2\/tags?post=68"}],"curies":[{"name":"wp","href":"https:\/\/api.w.org\/{rel}","templated":true}]}}